{"id":783,"date":"2012-12-16T18:14:46","date_gmt":"2012-12-16T18:14:46","guid":{"rendered":"http:\/\/scriebine.ro\/?p=783"},"modified":"2019-11-26T20:33:52","modified_gmt":"2019-11-26T20:33:52","slug":"cuvintele-se-grupeaza-in-perechi-si-cer-virgula","status":"publish","type":"post","link":"https:\/\/scriebine.ro\/?p=783","title":{"rendered":"Cuvintele se grupeaz\u0103 \u00een perechi \u015fi se r\u0103zvr\u0103tesc, cer\u00e2nd VIRGUL\u0102!"},"content":{"rendered":"<p>Asear\u0103 am fost la o petrecere. Nimic neobi\u015fnuit, ai zice \ud83d\ude42 Am schimbat c\u00e2teva vorbe cu cei\u00a0prezen\u0163i, am f\u0103cut cuno\u015ftin\u0163\u0103 cu persoane noi care, din auzite, \u015ftiau de mine. A\u015fa c\u0103 m-au luat la o parte \u015fi m-au supus unui interogatoriu. S-au bucurat c\u0103 m\u0103 au \u00een fa\u0163a lor \u015fi\u00a0au \u00eenceput s\u0103 m\u0103 \u00eentrebe de activitatea mea, de blog, de \u201ea fi\u201d, \u201ea \u015fti\u201d \u015fi despre virgule. Amuzant \u015fi, \u00een acela\u015fi timp, pl\u0103cut pentru mine. Pot s\u0103 vorbesc despre acest lucru la nesf\u00e2r\u015fit, la orice or\u0103, chiar \u015fi la o petrecere.<\/p>\n<p>Printre curiozit\u0103\u0163i, am observat c\u0103 virgula ocup\u0103 loc de cinste. Desigur, m-am g\u00e2ndit \u015fi la tine, <strong>iar azi o s\u0103-\u0163i spun despre perechile de cuvinte care cer obligatoriu virgul\u0103.<\/strong><\/p>\n<p><a href=\"https:\/\/scriebine.ro\/wp-content\/uploads\/2012\/12\/virgula...jpg\"><img decoding=\"async\" loading=\"lazy\" class=\"alignleft size-full wp-image-784\" title=\"virgula..\" alt=\"\" src=\"https:\/\/scriebine.ro\/wp-content\/uploads\/2012\/12\/virgula...jpg\" width=\"275\" height=\"183\" \/><\/a><\/p>\n<p>&nbsp;<\/p>\n<p>&nbsp;<\/p>\n<p>&nbsp;<\/p>\n<p>&nbsp;<\/p>\n<p>&nbsp;<\/p>\n<p>Bun. Hai s\u0103 \u00eencepem.<\/p>\n<p><strong>At\u00e2t&#8230; c\u00e2t \u015fi<\/strong><\/p>\n<p><strong><\/strong>S\u0103-\u0163i dau un exemplu:<\/p>\n<ul>\n<li><strong>At\u00e2t<\/strong> bunicul, <strong>c\u00e2t \u015fi<\/strong> fratele meu trebuie s\u0103 ajung\u0103 m\u00e2ine la amiaz\u0103 cu trenul.<\/li>\n<\/ul>\n<p>\u00cen acest caz, virgula este cerut\u0103 \u015fi se pune \u00een fa\u0163a lui \u201ec\u00e2t\u201d.<\/p>\n<p><strong>Aten\u0163ie!<\/strong><\/p>\n<p><strong><\/strong>Mai este un caz \u00een care unele afirma\u0163ii nu sunt formulate corect.<\/p>\n<p>S-a vorbit despre<strong> \u00eenv\u0103\u0163area at\u00e2t a ultimelor capitole, c\u00e2t \u015fi din primul semestru.<\/strong><\/p>\n<p>De ce nu e corect?<\/p>\n<p>Pentru c\u0103 <strong>ambii termeni (at\u00e2t&#8230; c\u00e2t \u015fi) trebuie folosi\u0163i \u00eenaintea cuvintelor la care se refer\u0103 direct \u015fi care sunt puse \u00een leg\u0103tur\u0103.<\/strong><\/p>\n<p>Astfel, <strong>\u201eat\u00e2t a capitolelor\u201d \u015fi \u201ec\u00e2t \u015fi din urm\u0103\u201d nu seam\u0103n\u0103<\/strong>,<strong> din punct de vedere al formul\u0103rii.<\/strong><\/p>\n<p>Cum e corect, \u00een schimb?<\/p>\n<ul>\n<li>S-a vorbit despre<strong> \u00eenv\u0103\u0163area at\u00e2t a ultimelor capitole, c\u00e2t \u015fi a celor din primul semestru.<\/strong><\/li>\n<\/ul>\n<p><strong>Nu numai&#8230; ci \u015fi<\/strong><\/p>\n<ul>\n<li><strong>Nu numai<\/strong> tu, <strong>ci \u015fi<\/strong> eu vin la s\u0103niu\u015f.<\/li>\n<\/ul>\n<p>\u015ei \u00een aceast\u0103 situa\u0163ie se aplic\u0103 aceea\u015fi regul\u0103 ca \u015fi \u00een cazul lui \u201eat\u00e2t&#8230; c\u00e2t \u015fi\u201d.<\/p>\n<ul>\n<li>Se iau decizii pentru <strong>perfec\u0163ionarea nu numai a personalului<\/strong> din spitale, <strong>ci \u015fi a celui din policlinici.<\/strong> (DIN)<\/li>\n<li>Se iau decizii pentru<strong> perfec\u0163ionarea personalului nu numai din spitale, ci \u015fi din policlinici.\u00a0<\/strong>(DIN)<\/li>\n<\/ul>\n<p>Pe de alt\u0103 parte, <strong>este gre\u015fit\u0103<\/strong> formularea:<\/p>\n<ul>\n<li>Se iau decizii<strong> nu numai pentru perfec\u0163ionarea personalului<\/strong> din spitale, <strong>ci \u015fi din policlinici<\/strong>. (DIN)<\/li>\n<\/ul>\n<p>\u00cen cele dou\u0103 propozi\u0163ii, trebuie s\u0103 existe o simetrie, pe c\u00e2nd \u00een exemplul de mai sus avem a\u015fa:<br \/>\n\u201e&#8230; nu numai <strong>pentru perfec\u0163ionarea<\/strong>\u201d vs. \u201eci \u015fi <strong>din policlinici<\/strong>\u201d.<\/p>\n<p><strong>\u015ei&#8230; \u015fi<\/strong><\/p>\n<p>(da, sunt \u015fi cazuri \u00een care<strong> se pune virgul\u0103 \u00eenainte de \u201e\u015fi\u201d<\/strong>, cu toate c\u0103 la \u015fcoal\u0103\u00a0s-a spus clar c\u0103 niciodat\u0103 \u00eenaintea lui \u201e\u015fi\u201d nu se pune virgul\u0103. Ba da, atunci c\u00e2nd trebuie, se pune!)<\/p>\n<ul>\n<li>Trebuie \u00eencuiate <strong>\u015fi por\u0163ile, \u015fi u\u015file<\/strong> pentru mai mult\u0103 siguran\u0163\u0103.<\/li>\n<\/ul>\n<p><strong>Fie&#8230; fie<\/strong><\/p>\n<ul>\n<li>Documentul trebuie \u00eenm\u00e2nat <strong>fie doamnei Popa<\/strong>, <strong>fie fiicei acesteia<\/strong>.<\/li>\n<\/ul>\n<p><strong>Nici&#8230; nici<\/strong><\/p>\n<ul>\n<li><strong>Nici spanacul<\/strong> nu \u00ee\u0163i place, <strong>nici sup\u0103<\/strong>\u00a0de legume nu m\u0103n\u00e2nci. Ce m\u0103 fac eu cu tine?<\/li>\n<\/ul>\n<p>Vezi? Nu e a\u015fa greu! Unii oameni mi-au spus c\u0103 ei pun virgul\u0103 dup\u0103 cum simt. Asta ajut\u0103 \u00een unele cazuri. Dar, \u00een altele, sunt anumite cuvinte care cer obligatoriu virgul\u0103.<\/p>\n<p>Nu am terminat cu virgulele :). Dar nu vreau s\u0103-\u0163i dau 100 de reguli deodat\u0103, ci vreau s\u0103 te obi\u015fnuie\u015fti cu aceste cazuri, mai \u00eent\u00e2i.<\/p>\n<p><strong>La final, am o rug\u0103minte: las\u0103-mi \u00eentr-un comentariu cazuri concrete, \u00eent\u00e2lnite de tine, care \u00ee\u0163i dau b\u0103t\u0103i de cap.<\/strong>\u00a0Este o lupt\u0103 interioar\u0103 \u00een tine&#8230; s\u0103 pun virgul\u0103? Parc\u0103 a\u015fa simt, dar nu sunt sigur.<\/p>\n<p>\u00ce\u0163i mul\u0163umesc!<\/p>\n<p>Cu drag,<\/p>\n<p>Vio<\/p>\n","protected":false},"excerpt":{"rendered":"<p>Asear\u0103 am fost la o petrecere. Nimic neobi\u015fnuit, ai zice \ud83d\ude42 Am schimbat c\u00e2teva vorbe cu cei\u00a0prezen\u0163i, am f\u0103cut cuno\u015ftin\u0163\u0103 cu persoane noi care, din auzite, \u015ftiau de mine. A\u015fa c\u0103 m-au luat la o parte \u015fi m-au supus unui interogatoriu. S-au bucurat c\u0103 m\u0103 au \u00een fa\u0163a lor \u015fi\u00a0au \u00eenceput s\u0103 m\u0103 \u00eentrebe de [&hellip;]<\/p>\n","protected":false},"author":110,"featured_media":0,"comment_status":"open","ping_status":"closed","sticky":false,"template":"","format":"standard","meta":{"zakra_sidebar_layout":"customizer","zakra_remove_content_margin":false,"zakra_sidebar":"customizer","zakra_transparent_header":"customizer","zakra_logo":0,"zakra_main_header_style":"default","zakra_menu_item_color":"","zakra_menu_item_hover_color":"","zakra_menu_item_active_color":"","zakra_menu_active_style":"","zakra_page_header":true},"categories":[5],"tags":[],"yoast_head":"<!-- This site is optimized with the Yoast SEO plugin v14.0.2 - https:\/\/yoast.com\/wordpress\/plugins\/seo\/ -->\n<title>Cuvintele se grupeaz\u0103 \u00een perechi \u015fi se r\u0103zvr\u0103tesc, cer\u00e2nd VIRGUL\u0102!  - Scrie bine<\/title>\n<meta name=\"robots\" content=\"index, follow\" \/>\n<meta name=\"googlebot\" content=\"index, follow, max-snippet:-1, max-image-preview:large, max-video-preview:-1\" \/>\n<meta name=\"bingbot\" content=\"index, follow, max-snippet:-1, max-image-preview:large, max-video-preview:-1\" \/>\n<link rel=\"canonical\" href=\"https:\/\/scriebine.ro\/?p=783\" \/>\n<meta property=\"og:locale\" content=\"ro_RO\" \/>\n<meta property=\"og:type\" content=\"article\" \/>\n<meta property=\"og:title\" content=\"Cuvintele se grupeaz\u0103 \u00een perechi \u015fi se r\u0103zvr\u0103tesc, cer\u00e2nd VIRGUL\u0102!  - Scrie bine\" \/>\n<meta property=\"og:description\" content=\"Asear\u0103 am fost la o petrecere. Nimic neobi\u015fnuit, ai zice \ud83d\ude42 Am schimbat c\u00e2teva vorbe cu cei\u00a0prezen\u0163i, am f\u0103cut cuno\u015ftin\u0163\u0103 cu persoane noi care, din auzite, \u015ftiau de mine. A\u015fa c\u0103 m-au luat la o parte \u015fi m-au supus unui interogatoriu. S-au bucurat c\u0103 m\u0103 au \u00een fa\u0163a lor \u015fi\u00a0au \u00eenceput s\u0103 m\u0103 \u00eentrebe de [&hellip;]\" \/>\n<meta property=\"og:url\" content=\"https:\/\/scriebine.ro\/?p=783\" \/>\n<meta property=\"og:site_name\" content=\"Scrie bine\" \/>\n<meta property=\"article:published_time\" content=\"2012-12-16T18:14:46+00:00\" \/>\n<meta property=\"article:modified_time\" content=\"2019-11-26T20:33:52+00:00\" \/>\n<meta property=\"og:image\" content=\"http:\/\/scriebine.ro\/wp-content\/uploads\/2012\/12\/virgula...jpg\" \/>\n<script type=\"application\/ld+json\" class=\"yoast-schema-graph\">{\"@context\":\"https:\/\/schema.org\",\"@graph\":[{\"@type\":\"WebSite\",\"@id\":\"https:\/\/scriebine.ro\/#website\",\"url\":\"https:\/\/scriebine.ro\/\",\"name\":\"Scrie bine\",\"description\":\"Acord\\u0103 aten\\u0163ie modului \\u00een care te exprimi.\",\"potentialAction\":[{\"@type\":\"SearchAction\",\"target\":\"https:\/\/scriebine.ro\/?s={search_term_string}\",\"query-input\":\"required name=search_term_string\"}],\"inLanguage\":\"ro-RO\"},{\"@type\":\"ImageObject\",\"@id\":\"https:\/\/scriebine.ro\/?p=783#primaryimage\",\"inLanguage\":\"ro-RO\",\"url\":\"http:\/\/scriebine.ro\/wp-content\/uploads\/2012\/12\/virgula...jpg\"},{\"@type\":\"WebPage\",\"@id\":\"https:\/\/scriebine.ro\/?p=783#webpage\",\"url\":\"https:\/\/scriebine.ro\/?p=783\",\"name\":\"Cuvintele se grupeaz\\u0103 \\u00een perechi \\u015fi se r\\u0103zvr\\u0103tesc, cer\\u00e2nd VIRGUL\\u0102! - Scrie bine\",\"isPartOf\":{\"@id\":\"https:\/\/scriebine.ro\/#website\"},\"primaryImageOfPage\":{\"@id\":\"https:\/\/scriebine.ro\/?p=783#primaryimage\"},\"datePublished\":\"2012-12-16T18:14:46+00:00\",\"dateModified\":\"2019-11-26T20:33:52+00:00\",\"author\":{\"@id\":\"https:\/\/scriebine.ro\/#\/schema\/person\/82b89326b4c4e5d23abc190a04db8878\"},\"inLanguage\":\"ro-RO\",\"potentialAction\":[{\"@type\":\"ReadAction\",\"target\":[\"https:\/\/scriebine.ro\/?p=783\"]}]},{\"@type\":[\"Person\"],\"@id\":\"https:\/\/scriebine.ro\/#\/schema\/person\/82b89326b4c4e5d23abc190a04db8878\",\"name\":\"Vio\",\"image\":{\"@type\":\"ImageObject\",\"@id\":\"https:\/\/scriebine.ro\/#personlogo\",\"inLanguage\":\"ro-RO\",\"url\":\"https:\/\/secure.gravatar.com\/avatar\/03dab8c4abec1deaa4a63bde75a32a87?s=96&d=wavatar&r=g\",\"caption\":\"Vio\"}}]}<\/script>\n<!-- \/ Yoast SEO plugin. -->","_links":{"self":[{"href":"https:\/\/scriebine.ro\/index.php?rest_route=\/wp\/v2\/posts\/783"}],"collection":[{"href":"https:\/\/scriebine.ro\/index.php?rest_route=\/wp\/v2\/posts"}],"about":[{"href":"https:\/\/scriebine.ro\/index.php?rest_route=\/wp\/v2\/types\/post"}],"author":[{"embeddable":true,"href":"https:\/\/scriebine.ro\/index.php?rest_route=\/wp\/v2\/users\/110"}],"replies":[{"embeddable":true,"href":"https:\/\/scriebine.ro\/index.php?rest_route=%2Fwp%2Fv2%2Fcomments&post=783"}],"version-history":[{"count":0,"href":"https:\/\/scriebine.ro\/index.php?rest_route=\/wp\/v2\/posts\/783\/revisions"}],"wp:attachment":[{"href":"https:\/\/scriebine.ro\/index.php?rest_route=%2Fwp%2Fv2%2Fmedia&parent=783"}],"wp:term":[{"taxonomy":"category","embeddable":true,"href":"https:\/\/scriebine.ro\/index.php?rest_route=%2Fwp%2Fv2%2Fcategories&post=783"},{"taxonomy":"post_tag","embeddable":true,"href":"https:\/\/scriebine.ro\/index.php?rest_route=%2Fwp%2Fv2%2Ftags&post=783"}],"curies":[{"name":"wp","href":"https:\/\/api.w.org\/{rel}","templated":true}]}}