{"id":712,"date":"2012-11-16T22:00:49","date_gmt":"2012-11-16T22:00:49","guid":{"rendered":"http:\/\/scriebine.ro\/?p=712"},"modified":"2019-11-26T21:05:25","modified_gmt":"2019-11-26T21:05:25","slug":"o-alta-cratima-pe-care-o-vei-stapani-v-a-sau-va","status":"publish","type":"post","link":"https:\/\/scriebine.ro\/?p=712","title":{"rendered":"O alt\u0103 cratim\u0103 pe care o vei st\u0103p\u00e2ni: v-a sau va?"},"content":{"rendered":"<p><img decoding=\"async\" loading=\"lazy\" class=\"alignright\" alt=\"\" src=\"https:\/\/encrypted-tbn3.gstatic.com\/images?q=tbn:ANd9GcQ_Opiy2eHecIICW7cghBKamsuVlwA7Vk8HPT8gJn6adXrxBGDpyA\" width=\"259\" height=\"194\" \/>&#8211; Va \u0219ti s\u0103 se descurce atunci c\u00e2nd va cre\u0219te?<\/p>\n<p>&#8211; Sau va cere ajutorul cuiva?<\/p>\n<p>&#8211; V-a spus c\u0103 are de g\u00e2nd s\u0103\u00a0plece?<\/p>\n<p>&#8211; Nu, dar noi \u0219tim c\u0103 va face ce \u00eei dicteaz\u0103 inima, nu ce \u00eei spunem noi.<\/p>\n<p>Si\u2026 am ajuns iar la cratim\u0103. \u00a0Articolul acesta este<strong> inspirat din mesajul unei cititoare<\/strong> care m-a \u00eentrebat a\u0219a: \u201e\u00ab<strong>Locatarul VA folosi utilajul&#8230;\u00bb\u201d. La \u00abva\u00bb\u00a0punem cratim\u0103?<\/strong> Cineva mi-a zis c\u0103 la \u00abva\u00bb\u00a0nu se folose\u0219te niciodat\u0103 cratima. M\u0103 intereseaz\u0103 p\u0103rerea ta\u201d.<\/p>\n<p>Buuun\u2026 hai s\u0103 ne suflec\u0103m m\u00e2necile (dac\u0103 tot se apropie iarna \u0219i ne \u00eembr\u0103c\u0103m mai gros \ud83d\ude42 ) \u0219i s\u0103 \u00eencepem!<\/p>\n<p><strong>\u00a0V-a cu cratim\u0103\u00a0<\/strong><\/p>\n<p><strong><\/strong>O s\u0103-\u021bi dau dou\u0103 exemple, apoi o s\u0103 le analizez.<\/p>\n<ul>\n<li>V-a pl\u0103cut filmul?<\/li>\n<li>Cred c\u0103 v-a fost team\u0103 c\u00e2nd s-a stins lumina.<\/li>\n<\/ul>\n<p>\u0218i, acum, s\u0103 vedem.<\/p>\n<p><strong>Acel \u201ev\u201d la cine se refer\u0103?<\/strong> Ce \u00eentrebare pui? <strong>Cui s\u0103-i fie team\u0103? Vou\u0103.<\/strong><\/p>\n<p><strong><\/strong>\u0218i se scrie \u201ev-a\u201d cu cratim\u0103, pentru c\u0103 este pronume personal, forma neaccentuat\u0103, persoana a II-a, plural.<\/p>\n<p>Iar \u201ea\u201d ce este? E verbul auxiliar \u201ea avea\u201d.<\/p>\n<p>O s\u0103 reformulez s\u0103 vedem cum sun\u0103 \u0219i altcumva.<\/p>\n<ul>\n<li>Filmul a pl\u0103cut vou\u0103.<\/li>\n<\/ul>\n<p>Dar, pentru c\u0103 nu sun\u0103 deloc bine, \u00eel punem pe \u201evou\u0103\u201d \u00een fa\u021ba verbului, \u00eei d\u0103m o \u00a0form\u0103\u00a0neaccentuat\u0103 \u0219i \u00eei ag\u0103\u021b\u0103m o cratim\u0103.<\/p>\n<p><strong>Va f\u0103r\u0103 cratim\u0103<\/strong><\/p>\n<p><strong><\/strong>Aici e mai simplu.<\/p>\n<p>De ce? Pentru c\u0103, \u00een acest context, <strong>e vorba de o ac\u021biune care se va realiza \u00een viitor.<\/strong><\/p>\n<p><strong><\/strong>Exemple:<\/p>\n<ul>\n<li>Va spune tot adev\u0103rul, chiar dac\u0103 nu \u00eei convine.<\/li>\n<li>\u00a0Nu \u0219tiu cum o s\u0103 termine proiectul \u00eentr-o s\u0103pt\u0103m\u00e2n\u0103, dar sunt sigur\u0103 c\u0103 va reu\u0219i, \u00een cele din urm\u0103.<\/li>\n<\/ul>\n<p>Simplu? \ud83d\ude42<\/p>\n<p>Hai s\u0103 recapitul\u0103m:<\/p>\n<ul>\n<li><strong>\u201ev-a\u201d cu cratim\u0103<\/strong>: v-a \u0219optit, v-a recunoscut, v-a salutat (\u00a0cui a \u0219optit? vou\u0103! pe cine a recunoscut? pe voi! pe cine a salutat? pe voi!)<\/li>\n<\/ul>\n<p>&#8211; \u201e<strong>v\u201d se refer\u0103 la voi\u00a0<\/strong><\/p>\n<p>&#8211; \u201ea\u201d este verbul auxiliar \u201ea avea\u201d<\/p>\n<ul>\n<li><strong>Va f\u0103r\u0103 cratim\u0103:\u00a0<\/strong><\/li>\n<\/ul>\n<p>M\u00e2ine <strong>va face<\/strong> cur\u0103\u021benie pentru c\u0103 va fi gazda petrecerii.<\/p>\n<p>&#8211; se folose\u0219te atunci c\u00e2nd <strong>ac\u021biunea e la viitor<\/strong><\/p>\n<p><strong><\/strong>Care e <strong>PRIMUL PAS<\/strong>? Pentru a fi c\u00e2t mai u\u0219or pentru tine, hai s\u0103 facem a\u0219a: <strong>fii atent la ce timp este ac\u021biunea!\u00a0<\/strong><\/p>\n<p><strong><\/strong>Este viitor? Atunci cratima nu are ce c\u0103uta acolo. Scrie \u201eva\u201d f\u0103r\u0103 cratim\u0103.<\/p>\n<p>\u00cen final, vreau s\u0103 te \u00eentreb ceva: p\u00e2n\u0103 acum, <strong>care au fost\/sunt obstacolele pe care le-ai \u00eent\u00e2mpinat \u00een \u00eenv\u0103\u021barea limbii rom\u00e2ne?<\/strong> Dac\u0103 ai \u0219ti r\u0103spunsul la aceast\u0103 \u00eentrebare, ce ai face de acum \u00eenainte? M-a\u0219 bucura foarte mult dac\u0103 mi-ai r\u0103spunde, ca s\u0103 \u0219tiu cum te pot ajuta \u00een continuare.<\/p>\n<p>\u00ce\u021bi mul\u021bumesc pentru c\u0103 e\u0219ti al\u0103turi de mine, te felicit pentru dorin\u021ba de a \u00eenv\u0103\u021ba \u0219i \u00ee\u021bi doresc un sf\u00e2r\u0219it de \u00a0s\u0103pt\u0103m\u00e2n\u0103\u00a0minunat!<\/p>\n<p>Cu drag,<\/p>\n<p>Vio<\/p>\n<p>&nbsp;<\/p>\n","protected":false},"excerpt":{"rendered":"<p>&#8211; Va \u0219ti s\u0103 se descurce atunci c\u00e2nd va cre\u0219te? &#8211; Sau va cere ajutorul cuiva? &#8211; V-a spus c\u0103 are de g\u00e2nd s\u0103\u00a0plece? &#8211; Nu, dar noi \u0219tim c\u0103 va face ce \u00eei dicteaz\u0103 inima, nu ce \u00eei spunem noi. Si\u2026 am ajuns iar la cratim\u0103. \u00a0Articolul acesta este inspirat din mesajul unei cititoare [&hellip;]<\/p>\n","protected":false},"author":110,"featured_media":0,"comment_status":"open","ping_status":"closed","sticky":false,"template":"","format":"standard","meta":{"zakra_sidebar_layout":"customizer","zakra_remove_content_margin":false,"zakra_sidebar":"customizer","zakra_transparent_header":"customizer","zakra_logo":0,"zakra_main_header_style":"default","zakra_menu_item_color":"","zakra_menu_item_hover_color":"","zakra_menu_item_active_color":"","zakra_menu_active_style":"","zakra_page_header":true},"categories":[5],"tags":[],"yoast_head":"<!-- This site is optimized with the Yoast SEO plugin v14.0.2 - https:\/\/yoast.com\/wordpress\/plugins\/seo\/ -->\n<title>O alt\u0103 cratim\u0103 pe care o vei st\u0103p\u00e2ni: v-a sau va?  - Scrie bine<\/title>\n<meta name=\"robots\" content=\"index, follow\" \/>\n<meta name=\"googlebot\" content=\"index, follow, max-snippet:-1, max-image-preview:large, max-video-preview:-1\" \/>\n<meta name=\"bingbot\" content=\"index, follow, max-snippet:-1, max-image-preview:large, max-video-preview:-1\" \/>\n<link rel=\"canonical\" href=\"https:\/\/scriebine.ro\/?p=712\" \/>\n<meta property=\"og:locale\" content=\"ro_RO\" \/>\n<meta property=\"og:type\" content=\"article\" \/>\n<meta property=\"og:title\" content=\"O alt\u0103 cratim\u0103 pe care o vei st\u0103p\u00e2ni: v-a sau va?  - Scrie bine\" \/>\n<meta property=\"og:description\" content=\"&#8211; Va \u0219ti s\u0103 se descurce atunci c\u00e2nd va cre\u0219te? &#8211; Sau va cere ajutorul cuiva? &#8211; V-a spus c\u0103 are de g\u00e2nd s\u0103\u00a0plece? &#8211; Nu, dar noi \u0219tim c\u0103 va face ce \u00eei dicteaz\u0103 inima, nu ce \u00eei spunem noi. Si\u2026 am ajuns iar la cratim\u0103. \u00a0Articolul acesta este inspirat din mesajul unei cititoare [&hellip;]\" \/>\n<meta property=\"og:url\" content=\"https:\/\/scriebine.ro\/?p=712\" \/>\n<meta property=\"og:site_name\" content=\"Scrie bine\" \/>\n<meta property=\"article:published_time\" content=\"2012-11-16T22:00:49+00:00\" \/>\n<meta property=\"article:modified_time\" content=\"2019-11-26T21:05:25+00:00\" \/>\n<meta property=\"og:image\" content=\"https:\/\/encrypted-tbn3.gstatic.com\/images?q=tbn:ANd9GcQ_Opiy2eHecIICW7cghBKamsuVlwA7Vk8HPT8gJn6adXrxBGDpyA\" \/>\n<script type=\"application\/ld+json\" class=\"yoast-schema-graph\">{\"@context\":\"https:\/\/schema.org\",\"@graph\":[{\"@type\":\"WebSite\",\"@id\":\"https:\/\/scriebine.ro\/#website\",\"url\":\"https:\/\/scriebine.ro\/\",\"name\":\"Scrie bine\",\"description\":\"Acord\\u0103 aten\\u0163ie modului \\u00een care te exprimi.\",\"potentialAction\":[{\"@type\":\"SearchAction\",\"target\":\"https:\/\/scriebine.ro\/?s={search_term_string}\",\"query-input\":\"required name=search_term_string\"}],\"inLanguage\":\"ro-RO\"},{\"@type\":\"ImageObject\",\"@id\":\"https:\/\/scriebine.ro\/?p=712#primaryimage\",\"inLanguage\":\"ro-RO\",\"url\":\"https:\/\/encrypted-tbn3.gstatic.com\/images?q=tbn:ANd9GcQ_Opiy2eHecIICW7cghBKamsuVlwA7Vk8HPT8gJn6adXrxBGDpyA\"},{\"@type\":\"WebPage\",\"@id\":\"https:\/\/scriebine.ro\/?p=712#webpage\",\"url\":\"https:\/\/scriebine.ro\/?p=712\",\"name\":\"O alt\\u0103 cratim\\u0103 pe care o vei st\\u0103p\\u00e2ni: v-a sau va? - Scrie bine\",\"isPartOf\":{\"@id\":\"https:\/\/scriebine.ro\/#website\"},\"primaryImageOfPage\":{\"@id\":\"https:\/\/scriebine.ro\/?p=712#primaryimage\"},\"datePublished\":\"2012-11-16T22:00:49+00:00\",\"dateModified\":\"2019-11-26T21:05:25+00:00\",\"author\":{\"@id\":\"https:\/\/scriebine.ro\/#\/schema\/person\/82b89326b4c4e5d23abc190a04db8878\"},\"inLanguage\":\"ro-RO\",\"potentialAction\":[{\"@type\":\"ReadAction\",\"target\":[\"https:\/\/scriebine.ro\/?p=712\"]}]},{\"@type\":[\"Person\"],\"@id\":\"https:\/\/scriebine.ro\/#\/schema\/person\/82b89326b4c4e5d23abc190a04db8878\",\"name\":\"Vio\",\"image\":{\"@type\":\"ImageObject\",\"@id\":\"https:\/\/scriebine.ro\/#personlogo\",\"inLanguage\":\"ro-RO\",\"url\":\"https:\/\/secure.gravatar.com\/avatar\/03dab8c4abec1deaa4a63bde75a32a87?s=96&d=wavatar&r=g\",\"caption\":\"Vio\"}}]}<\/script>\n<!-- \/ Yoast SEO plugin. -->","_links":{"self":[{"href":"https:\/\/scriebine.ro\/index.php?rest_route=\/wp\/v2\/posts\/712"}],"collection":[{"href":"https:\/\/scriebine.ro\/index.php?rest_route=\/wp\/v2\/posts"}],"about":[{"href":"https:\/\/scriebine.ro\/index.php?rest_route=\/wp\/v2\/types\/post"}],"author":[{"embeddable":true,"href":"https:\/\/scriebine.ro\/index.php?rest_route=\/wp\/v2\/users\/110"}],"replies":[{"embeddable":true,"href":"https:\/\/scriebine.ro\/index.php?rest_route=%2Fwp%2Fv2%2Fcomments&post=712"}],"version-history":[{"count":0,"href":"https:\/\/scriebine.ro\/index.php?rest_route=\/wp\/v2\/posts\/712\/revisions"}],"wp:attachment":[{"href":"https:\/\/scriebine.ro\/index.php?rest_route=%2Fwp%2Fv2%2Fmedia&parent=712"}],"wp:term":[{"taxonomy":"category","embeddable":true,"href":"https:\/\/scriebine.ro\/index.php?rest_route=%2Fwp%2Fv2%2Fcategories&post=712"},{"taxonomy":"post_tag","embeddable":true,"href":"https:\/\/scriebine.ro\/index.php?rest_route=%2Fwp%2Fv2%2Ftags&post=712"}],"curies":[{"name":"wp","href":"https:\/\/api.w.org\/{rel}","templated":true}]}}