{"id":623,"date":"2012-10-14T17:34:39","date_gmt":"2012-10-14T17:34:39","guid":{"rendered":"http:\/\/scriebine.ro\/?p=623"},"modified":"2019-11-26T21:34:13","modified_gmt":"2019-11-26T21:34:13","slug":"la-toti-tuturor-ni-i-gre","status":"publish","type":"post","link":"https:\/\/scriebine.ro\/?p=623","title":{"rendered":"La to\u021bi\/tuturor ni-i greu!"},"content":{"rendered":"<p><a href=\"https:\/\/scriebine.ro\/wp-content\/uploads\/2012\/10\/la-toti.jpg\"><img decoding=\"async\" loading=\"lazy\" class=\"alignright size-full wp-image-624\" title=\"la toti)\" alt=\"\" src=\"https:\/\/scriebine.ro\/wp-content\/uploads\/2012\/10\/la-toti.jpg\" width=\"244\" height=\"206\" \/><\/a>\u00cen fiecare zi m\u0103 trezesc sper\u00e2nd c\u0103 s-a schimbat ceva. Nu e vorba nici de politic\u0103, nici de oameni, nici de mediul \u00eenconjur\u0103tor. In schimb, ce m\u0103 s\u00e2c\u00e2ie pe mine, zi de zi, este afi\u0219ul de pe u\u0219a blocului vecin. Poate te \u00eentrebi: ce scrie pe acea foaie de h\u00e2rtie?<\/p>\n<p><strong>\u201eNu mai deschide\u021bi u\u0219a la to\u021bi necunoscu\u021bii\u201d.<\/strong><\/p>\n<p>C\u00e2nd trec prin fa\u021ba blocului, mai trag o privire, poate-poate au \u00eenlocuit textul \u0219i au corectat. Eu a\u0219a a\u0219 fi scris:<\/p>\n<p>\u201eNu mai deschide\u021bi u\u0219a tuturor necunoscu\u021bilor!\u201d<\/p>\n<p>Nu \u0219tiu dac\u0103 ai ghicit sau nu, dar azi m\u0103 voi ocupa de formele adjectivului\/pronumelui \u201etot\u201d.<\/p>\n<ul>\n<li>\u0218i avem a\u0219a. <strong>Mai \u00eent\u00e2i, s\u0103 vedem adjectivul pronominal \u201etot\u201d.\u00a0<\/strong><\/li>\n<\/ul>\n<table border=\"1\" cellspacing=\"0\" cellpadding=\"0\">\n<tbody>\n<tr>\n<td valign=\"top\" width=\"83\">Num\u0103r<\/td>\n<td valign=\"top\" width=\"132\">\n<p style=\"text-align: left;\">Masculin<\/p>\n<\/td>\n<td valign=\"top\" width=\"123\">Feminin<\/td>\n<\/tr>\n<tr>\n<td valign=\"top\" width=\"83\">Singular<\/td>\n<td valign=\"top\" width=\"132\">tot<\/td>\n<td valign=\"top\" width=\"123\">toat\u0103<\/td>\n<\/tr>\n<tr>\n<td valign=\"top\" width=\"83\">Plural<\/td>\n<td valign=\"top\" width=\"132\">to\u021bi<\/td>\n<td valign=\"top\" width=\"123\">toate<\/td>\n<\/tr>\n<\/tbody>\n<\/table>\n<p>Hai s\u0103 vedem c\u00e2teva exemple:<\/p>\n<ul>\n<li>Ieri, <strong>tot<\/strong> cartierul a r\u0103mas f\u0103r\u0103 lumin\u0103.<\/li>\n<li><strong>Toat\u0103<\/strong> lumea a r\u0103mas uimit\u0103 atunci c\u00e2nd a ap\u0103rut ea.<\/li>\n<li>Nu <strong>to\u021bi<\/strong> oamenii au curajul t\u0103u de a face lucrurile altfel.<\/li>\n<li>Mie \u00eemi plac <strong>toate<\/strong> florile.<\/li>\n<\/ul>\n<p>(De ce, \u00een aceste cazuri, \u201etot\u201d este adjectiv? Pentru c\u0103 st\u0103 pe l\u00e2ng\u0103 un substantiv \u0219i se acord\u0103 \u00een gen, num\u0103r \u0219i caz cu acesta: \u201etot cartierul\u201d, \u201etoat\u0103 lumea\u201d, \u201eto\u021bi oamenii\u201d, toate florile.\u201d)<\/p>\n<p>Bun, p\u00e2n\u0103 aici a fost simplu. A\u0219a-i? \ud83d\ude42<\/p>\n<p>Stai! Am uitat de plural, cel care ar trebui s\u0103 fie scris \u0219i pe afi\u0219ul pe care \u00eel v\u0103d zilnic.<\/p>\n<table border=\"1\" cellspacing=\"0\" cellpadding=\"0\">\n<tbody>\n<tr>\n<td valign=\"top\" width=\"102\">Plural<\/td>\n<td valign=\"top\" width=\"104\">\u00a0tuturor<\/td>\n<\/tr>\n<\/tbody>\n<\/table>\n<p>Cum \u00ee\u021bi dai seama c\u00e2nd s\u0103 pui forma aceasta? C\u00e2nd r\u0103spunde la \u00eentrebarea \u201ecui?\u201d<\/p>\n<ul>\n<li><strong>Tuturor<\/strong> oamenilor li se \u00eent\u00e2mpl\u0103, m\u0103car o dat\u0103 \u00een via\u021b\u0103, s\u0103 treac\u0103 printr-un moment nefericit din care s\u0103 \u00eenve\u021be o lec\u021bie.<\/li>\n<\/ul>\n<p>(<strong>NU\u00a0<\/strong>&#8211; <strong>La to\u021bi oamenii<\/strong> li se \u00eent\u00e2mpl\u0103, m\u0103car o dat\u0103 \u00een via\u021b\u0103, s\u0103 treac\u0103 printr-un moment nefericit din care s\u0103 \u00eenve\u021be o lec\u021bie.)<\/p>\n<ul>\n<li><strong>Urmeaz\u0103 pronumele nehot\u0103r\u00e2t \u201etot\u201d.<\/strong> S\u0103 vedem ce facem cu el \u0219i care sunt formele lui:<\/li>\n<\/ul>\n<table border=\"1\" cellspacing=\"0\" cellpadding=\"0\">\n<tbody>\n<tr>\n<td valign=\"top\" width=\"155\">Numar<\/td>\n<td valign=\"top\" width=\"155\"><\/td>\n<td valign=\"top\" width=\"155\">Masculin<\/td>\n<td valign=\"top\" width=\"155\">Feminin<\/td>\n<\/tr>\n<tr>\n<td valign=\"top\" width=\"155\">Singular<\/td>\n<td valign=\"top\" width=\"155\">nearticulat<\/td>\n<td valign=\"top\" width=\"155\">Tot<\/td>\n<td valign=\"top\" width=\"155\">toat\u0103<\/td>\n<\/tr>\n<tr>\n<td valign=\"top\" width=\"155\">Plural<\/td>\n<td valign=\"top\" width=\"155\">nearticulat<\/td>\n<td valign=\"top\" width=\"155\">To\u021bi<\/td>\n<td valign=\"top\" width=\"155\">toate<\/td>\n<\/tr>\n<\/tbody>\n<\/table>\n<p>Vedem \u0219i ni\u0219te exemple?<\/p>\n<ul>\n<li><strong>Tot<\/strong> ce se putea auzi era un \u0219uierat \u00eendep\u0103rtat.<\/li>\n<li>P\u00e2n\u0103 acum, am auzit numai c\u00e2teva fragmente din poveste, dar azi am auzit-o pe <strong>toat\u0103<\/strong> \u0219i m-a pus pe g\u00e2nduri.<\/li>\n<li><strong>To\u021bi<\/strong> au venit la timp.<\/li>\n<li><strong>Toate<\/strong> mi-au f\u0103cut o impresie bun\u0103.<\/li>\n<\/ul>\n<p>Urmeaz\u0103 o dilem\u0103 pe care am \u00eent\u00e2lnit-o deseori.\u00a0 \u0218i dac\u0103 este articulat? Scrii cu un \u201ei\u201d sau cu doi \u201ei\u201d?<\/p>\n<p><strong>Cu doi :).<\/strong><\/p>\n<table border=\"1\" cellspacing=\"0\" cellpadding=\"0\">\n<tbody>\n<tr>\n<td valign=\"top\" width=\"155\">Plural<\/td>\n<td valign=\"top\" width=\"155\">Articulat<\/td>\n<td valign=\"top\" width=\"155\">Cu to\u021bii<\/td>\n<td valign=\"top\" width=\"155\">Cu toatele<\/td>\n<\/tr>\n<\/tbody>\n<\/table>\n<ul>\n<li>*Au venit <strong>cu to\u021bii<\/strong> \u00een acela\u015fi timp.<\/li>\n<li>Am auzit <strong>cu toatele<\/strong> cum ai \u021bipat la b\u0103iatul acela.<\/li>\n<\/ul>\n<p>* aici are \u00een\u021belesul de \u201eau venit to\u021bi zece, to\u021bi \u015fapte, to\u021bi nou\u0103 \u00een acela\u015fi timp. Exist\u0103, totu\u015fi, o excep\u021bie, \u015fi anume numeralul doi.<\/p>\n<p><strong>NU<\/strong> spui\/scrii \u201e au venit to\u021bi doi \u00een acela\u015fi timp, ci \u201eam\u00e2ndoi, am\u00e2ndou\u0103\u201d.<\/p>\n<ul>\n<li>Au venit <strong>am\u00e2ndoi<\/strong>\/<strong>am\u00e2ndou\u0103<\/strong> \u00een acela\u015fi timp.<\/li>\n<\/ul>\n<p>Dar dac\u0103 este <strong>adjectiv<\/strong>? Tot cu doi \u201ei\u201d scrii? m-ai putea \u00eentreba.<\/p>\n<p><strong>NU. Cu un singur \u201ei\u201d.<\/strong><\/p>\n<ul>\n<li>\u00a0A plecat <strong>cu to\u021bi copiii<\/strong> s\u0103 se joace.<\/li>\n<li>\u00a0A plecat <strong>cu toate fetele<\/strong> la film.<\/li>\n<\/ul>\n<p>La final, am cules pentru tine \u015fi alte contexte \u00een care folose\u015fti \u201etot\u201d.<\/p>\n<ul>\n<li>\u201e<strong>\u00een tot cazul<\/strong>\u201d \u2013 \u201etot\u201d se acord\u0103 cu substantivul care este dup\u0103 el: \u00een toate situa\u021biile, \u00een toate \u00eemprejur\u0103rile<\/li>\n<li>\u201e<strong>tot \u00eenceputul<\/strong>\u201d \u2013 cu sensul de \u201eorice\u201d. (\u201eTot \u00eenceputul este dificil daca nu \u015ftii ce ai de f\u0103cut.\u201d)<\/li>\n<li>\u201e<strong>a fi tot numai ochi \u015fi urechi<\/strong>\u201d \u2013 cu sensul de \u201efoarte atent\u201d<\/li>\n<li>\u201e <strong>a fi tot\/toat\u0103 \u00a0numai un zambet<\/strong>\u201d \u2013 cu sensul de \u201ea radia de bucurie\u201d (<strong>Aten\u021bie!<\/strong> Se acord\u0103 cu subiectul: \u201eMaria este toat\u0103 numai un zambet.\u201d\u00a0)<\/li>\n<li>\u201e<strong>tot mai tun\u0103?<\/strong>\u201d \u2013 cu sensul \u201etun\u0103 \u00een continuare?\u201d<\/li>\n<li>\u201e<strong>tot mai dificil\/greu\/u\u015for etc<\/strong>.\u201d \u2013 cu sensul \u00a0de \u201edin ce \u00een ce mai dificil\/greu\/u\u015for etc. (\u201eCursul de german\u0103 este tot mai dificil, pe m\u0103sur\u0103 ce \u00eenv\u0103\u021b mai multe lucruri.\u201d)<\/li>\n<li>\u201e<strong>tot f\u0103c\u00e2nd asta, a \u00eenv\u0103\u021bat pa\u015fii pe care trebuie s\u0103-i urmeze<\/strong>\u201d- cu sensul de \u201ef\u0103c\u00e2nd asta \u00een mod repetat\u201d<\/li>\n<li>\u201e<strong>a plecat de tot<\/strong>\u201d \u2013 cu sensul de\u201epentru totdeauna\u201d<\/li>\n<\/ul>\n<p>Gata! \ud83d\ude42<\/p>\n<p>Hai s\u0103 recapitul\u0103m, s\u0103 vedem cu ce r\u0103m\u00e2i dupa ce cite\u015fti r\u00e2ndurile de mai sus!<\/p>\n<p>De la ce mi-a venit ideea de a scrie acest articol? De la afi\u015ful de pe u\u015fa blocului vecin pe l\u00e2ng\u0103 care trec \u00een fiecare zi.<\/p>\n<p><strong>PRIMUL PAS:<\/strong><\/p>\n<p><strong><\/strong>\u201e Nu mai deschide\u021bi u\u015fa la toti necunoscu\u021bii\u201d.<strong> La ce \u00eentrebare r\u0103spunde?<\/strong><\/p>\n<p><strong>Cui?\u00a0Cui s\u0103 deschizi u\u015fa?<\/strong><\/p>\n<p><strong><\/strong>Care e varianta corect\u0103?<\/p>\n<p><strong>Tuturor!<\/strong> \u00a0Nu mai deschide\u021bi u\u015fa <strong>tuturor necunoscu\u021bilor<\/strong>!<\/p>\n<p>Le-am spus tuturor (<span style=\"text-decoration: line-through;\">la to\u021bi<\/span>) adev\u0103rul despre mine.<\/p>\n<p><span style=\"text-decoration: line-through;\">La to\u021bi ne e greu<\/span>, vorba cuiva :). Tuturor ne e greu!<\/p>\n<p><strong>AL DOILEA PAS:<\/strong><\/p>\n<p><strong><\/strong>Un alt lucru pe care vreau s\u0103-l \u021bii minte este<strong> s\u0103 folose\u015fti \u00a0doi \u201ei\u201d,\u00a0<\/strong><strong>atunci c\u00e2nd spui \u201ecu to\u021bii\u201d\u00a0<\/strong>(\u015fi nu este adjectiv pronominal \u2013 nu mai exist\u0103 niciun substantiv dup\u0103\u00a0aceast\u0103 formulare\u201d)<\/p>\n<ul>\n<li>C\u00e2nd au sim\u021bit pericolul, au plecat <strong>cu to\u021bii<\/strong> de acolo.<\/li>\n<\/ul>\n<p>Ai v\u0103zut \u015fi tu un afi\u015f de acest fel \u015fi ai sim\u021bit c\u0103 lipse\u015fte ceva? Sau e \u00een plus? Sau e un cuv\u00e2nt st\u00e2lcit? \ud83d\ude42<\/p>\n<p>Cu drag,<\/p>\n<p>Vio<\/p>\n<p>&nbsp;<\/p>\n<p>&nbsp;<\/p>\n<p>&nbsp;<\/p>\n<p>&nbsp;<\/p>\n<p>&nbsp;<\/p>\n<p>&nbsp;<\/p>\n","protected":false},"excerpt":{"rendered":"<p>\u00cen fiecare zi m\u0103 trezesc sper\u00e2nd c\u0103 s-a schimbat ceva. Nu e vorba nici de politic\u0103, nici de oameni, nici de mediul \u00eenconjur\u0103tor. In schimb, ce m\u0103 s\u00e2c\u00e2ie pe mine, zi de zi, este afi\u0219ul de pe u\u0219a blocului vecin. Poate te \u00eentrebi: ce scrie pe acea foaie de h\u00e2rtie? \u201eNu mai deschide\u021bi u\u0219a la [&hellip;]<\/p>\n","protected":false},"author":110,"featured_media":0,"comment_status":"open","ping_status":"closed","sticky":false,"template":"","format":"standard","meta":{"zakra_sidebar_layout":"customizer","zakra_remove_content_margin":false,"zakra_sidebar":"customizer","zakra_transparent_header":"customizer","zakra_logo":0,"zakra_main_header_style":"default","zakra_menu_item_color":"","zakra_menu_item_hover_color":"","zakra_menu_item_active_color":"","zakra_menu_active_style":"","zakra_page_header":true},"categories":[5],"tags":[],"yoast_head":"<!-- This site is optimized with the Yoast SEO plugin v14.0.2 - https:\/\/yoast.com\/wordpress\/plugins\/seo\/ -->\n<title>La to\u021bi\/tuturor ni-i greu!  - Scrie bine<\/title>\n<meta name=\"robots\" content=\"index, follow\" \/>\n<meta name=\"googlebot\" content=\"index, follow, max-snippet:-1, max-image-preview:large, max-video-preview:-1\" \/>\n<meta name=\"bingbot\" content=\"index, follow, max-snippet:-1, max-image-preview:large, max-video-preview:-1\" \/>\n<link rel=\"canonical\" href=\"https:\/\/scriebine.ro\/?p=623\" \/>\n<meta property=\"og:locale\" content=\"ro_RO\" \/>\n<meta property=\"og:type\" content=\"article\" \/>\n<meta property=\"og:title\" content=\"La to\u021bi\/tuturor ni-i greu!  - Scrie bine\" \/>\n<meta property=\"og:description\" content=\"\u00cen fiecare zi m\u0103 trezesc sper\u00e2nd c\u0103 s-a schimbat ceva. Nu e vorba nici de politic\u0103, nici de oameni, nici de mediul \u00eenconjur\u0103tor. In schimb, ce m\u0103 s\u00e2c\u00e2ie pe mine, zi de zi, este afi\u0219ul de pe u\u0219a blocului vecin. Poate te \u00eentrebi: ce scrie pe acea foaie de h\u00e2rtie? \u201eNu mai deschide\u021bi u\u0219a la [&hellip;]\" \/>\n<meta property=\"og:url\" content=\"https:\/\/scriebine.ro\/?p=623\" \/>\n<meta property=\"og:site_name\" content=\"Scrie bine\" \/>\n<meta property=\"article:published_time\" content=\"2012-10-14T17:34:39+00:00\" \/>\n<meta property=\"article:modified_time\" content=\"2019-11-26T21:34:13+00:00\" \/>\n<meta property=\"og:image\" content=\"http:\/\/scriebine.ro\/wp-content\/uploads\/2012\/10\/la-toti.jpg\" \/>\n<script type=\"application\/ld+json\" class=\"yoast-schema-graph\">{\"@context\":\"https:\/\/schema.org\",\"@graph\":[{\"@type\":\"WebSite\",\"@id\":\"https:\/\/scriebine.ro\/#website\",\"url\":\"https:\/\/scriebine.ro\/\",\"name\":\"Scrie bine\",\"description\":\"Acord\\u0103 aten\\u0163ie modului \\u00een care te exprimi.\",\"potentialAction\":[{\"@type\":\"SearchAction\",\"target\":\"https:\/\/scriebine.ro\/?s={search_term_string}\",\"query-input\":\"required name=search_term_string\"}],\"inLanguage\":\"ro-RO\"},{\"@type\":\"ImageObject\",\"@id\":\"https:\/\/scriebine.ro\/?p=623#primaryimage\",\"inLanguage\":\"ro-RO\",\"url\":\"http:\/\/scriebine.ro\/wp-content\/uploads\/2012\/10\/la-toti.jpg\"},{\"@type\":\"WebPage\",\"@id\":\"https:\/\/scriebine.ro\/?p=623#webpage\",\"url\":\"https:\/\/scriebine.ro\/?p=623\",\"name\":\"La to\\u021bi\/tuturor ni-i greu! - Scrie bine\",\"isPartOf\":{\"@id\":\"https:\/\/scriebine.ro\/#website\"},\"primaryImageOfPage\":{\"@id\":\"https:\/\/scriebine.ro\/?p=623#primaryimage\"},\"datePublished\":\"2012-10-14T17:34:39+00:00\",\"dateModified\":\"2019-11-26T21:34:13+00:00\",\"author\":{\"@id\":\"https:\/\/scriebine.ro\/#\/schema\/person\/82b89326b4c4e5d23abc190a04db8878\"},\"inLanguage\":\"ro-RO\",\"potentialAction\":[{\"@type\":\"ReadAction\",\"target\":[\"https:\/\/scriebine.ro\/?p=623\"]}]},{\"@type\":[\"Person\"],\"@id\":\"https:\/\/scriebine.ro\/#\/schema\/person\/82b89326b4c4e5d23abc190a04db8878\",\"name\":\"Vio\",\"image\":{\"@type\":\"ImageObject\",\"@id\":\"https:\/\/scriebine.ro\/#personlogo\",\"inLanguage\":\"ro-RO\",\"url\":\"https:\/\/secure.gravatar.com\/avatar\/03dab8c4abec1deaa4a63bde75a32a87?s=96&d=wavatar&r=g\",\"caption\":\"Vio\"}}]}<\/script>\n<!-- \/ Yoast SEO plugin. -->","_links":{"self":[{"href":"https:\/\/scriebine.ro\/index.php?rest_route=\/wp\/v2\/posts\/623"}],"collection":[{"href":"https:\/\/scriebine.ro\/index.php?rest_route=\/wp\/v2\/posts"}],"about":[{"href":"https:\/\/scriebine.ro\/index.php?rest_route=\/wp\/v2\/types\/post"}],"author":[{"embeddable":true,"href":"https:\/\/scriebine.ro\/index.php?rest_route=\/wp\/v2\/users\/110"}],"replies":[{"embeddable":true,"href":"https:\/\/scriebine.ro\/index.php?rest_route=%2Fwp%2Fv2%2Fcomments&post=623"}],"version-history":[{"count":0,"href":"https:\/\/scriebine.ro\/index.php?rest_route=\/wp\/v2\/posts\/623\/revisions"}],"wp:attachment":[{"href":"https:\/\/scriebine.ro\/index.php?rest_route=%2Fwp%2Fv2%2Fmedia&parent=623"}],"wp:term":[{"taxonomy":"category","embeddable":true,"href":"https:\/\/scriebine.ro\/index.php?rest_route=%2Fwp%2Fv2%2Fcategories&post=623"},{"taxonomy":"post_tag","embeddable":true,"href":"https:\/\/scriebine.ro\/index.php?rest_route=%2Fwp%2Fv2%2Ftags&post=623"}],"curies":[{"name":"wp","href":"https:\/\/api.w.org\/{rel}","templated":true}]}}