{"id":592,"date":"2012-10-07T22:02:13","date_gmt":"2012-10-07T22:02:13","guid":{"rendered":"http:\/\/scriebine.ro\/?p=592"},"modified":"2019-11-27T09:15:06","modified_gmt":"2019-11-27T09:15:06","slug":"scapa-de-grija-i-urilor-si-nu-ezita-cand-scrii-membri-sau-membrii","status":"publish","type":"post","link":"https:\/\/scriebine.ro\/?p=592","title":{"rendered":"Scap\u0103 de grija \u201ei\u201d-urilor \u0219i nu ezita c\u00e2nd scrii membri sau membrii"},"content":{"rendered":"<p>&nbsp;<\/p>\n<p>Alalt\u0103ieri am luat o pauz\u0103 de la treburile mele \u0219i am f\u0103cut o plimbare, bucur\u00e2ndu-<a href=\"https:\/\/scriebine.ro\/wp-content\/uploads\/2012\/10\/poza-cu-sticla-de-apa.jpg\"><img decoding=\"async\" loading=\"lazy\" class=\"alignright size-medium wp-image-593\" title=\"poza cu sticla de apa\" alt=\"\" src=\"https:\/\/scriebine.ro\/wp-content\/uploads\/2012\/10\/poza-cu-sticla-de-apa-224x300.jpg\" width=\"224\" height=\"300\" srcset=\"https:\/\/scriebine.ro\/wp-content\/uploads\/2012\/10\/poza-cu-sticla-de-apa-224x300.jpg 224w, https:\/\/scriebine.ro\/wp-content\/uploads\/2012\/10\/poza-cu-sticla-de-apa.jpg 602w\" sizes=\"(max-width: 224px) 100vw, 224px\" \/><\/a>m\u0103 de zilele frumoase de var\u0103 t\u00e2rzie. Mergeam lini\u0219tit\u0103 pe strad\u0103, \u00eencerc\u00e2nd s\u0103 simt razele soarelui care \u00eemi m\u00e2ng\u00e2iau pielea. C\u00e2nd, deodat\u0103, apare \u00een fa\u021ba mea o domni\u0219oar\u0103, cu z\u00e2mbetul pe buze, \u0219i \u00eemi \u00eentinde un pliant care anun\u021ba un concert de jazz. Am \u00eenceput s\u0103 citesc, dar m-am oprit \u0219i am analizat ce scria. P\u0103rea interesant, la prima vedere, \u0219i, \u00een acela\u0219i timp, evenimentul era perfect pentru perioada aceasta dac\u0103 anun\u021bul ar mai fi fost \u0219i scris corect.<\/p>\n<p>Din p\u0103cate, singura formulare pe care o mai \u021bin minte este um\u0103toarea: \u201e<strong>membri acestei forma\u021bii<\/strong>\u201d.<\/p>\n<p>Bun. Ajung acas\u0103, \u00eemi verific e-mailul \u0219i v\u0103d un mesaj de la Irina care m\u0103 \u00eentreab\u0103 cum st\u0103 treaba cu \u201emembru, membri, membrii\u201d, dar \u0219i cu \u201eministru, mini\u0219tri, mini\u0219trii\u201d. M-am bucurat de aceast\u0103 \u201ecoinciden\u021b\u0103\u201d \u0219i m\u0103 \u00eentrebam: oare c\u00e2\u021bi al\u021bi oameni nu \u0219tiu c\u00e2nd se pune un \u201ei\u201d sau doi \u201ei\u201d?<\/p>\n<p>\u0218tii, primesc multe e-mailuri de la cei care mi-au descoperit site-ul. Dar \u0219i de la prieteni. Iar foarte mul\u021bi au o tr\u0103s\u0103tur\u0103 \u00een comun. Le este fric\u0103. Ru\u0219ine c\u0103 ar putea gre\u0219i. C\u0103 lumea ar putea s\u0103 se uite cu o spr\u00e2ncean\u0103 ridicat\u0103 la ei, c\u00e2nd, de fapt, dac\u0103 ar \u00eentreba, ar fi printre cei curajo\u0219i. Cei care vor s\u0103 afle \u00ee\u0219i iau inima \u00een din\u021bi \u0219i \u00eentreab\u0103. Apoi, se elibereaz\u0103 de o \u201egrij\u0103\u201d. Eu, de exemplu, atunci c\u00e2nd \u00eentreb ceva \u0219i primesc r\u0103spuns, m\u0103 simt u\u0219oar\u0103 ca un fulg de nea. Acela\u0219i sentiment mi l-a\u0219 dori \u0219i pentru tine dup\u0103 ce afli informa\u021bia care i\u021bi trebuie.<\/p>\n<p>Deci, aceste articole \u0219i fiecare chestiune tratat\u0103 sunt pentru tine, pentru a te \u00eencuraja s\u0103 fii <a href=\"https:\/\/scriebine.ro\/wp-content\/uploads\/2012\/10\/curaj.jpg\"><img decoding=\"async\" loading=\"lazy\" class=\"alignright size-full wp-image-594\" title=\"curaj\" alt=\"\" src=\"https:\/\/scriebine.ro\/wp-content\/uploads\/2012\/10\/curaj.jpg\" width=\"272\" height=\"186\" \/><\/a>curajos\/curajoas\u0103 \u0219i s\u0103 ie\u0219i la lumin\u0103. Pu\u021bin c\u00e2te pu\u021bin, se vor clarifica lucrurile. Iar eu m\u0103 bucur de faptul c\u0103 deja primesc mesaje de la oameni care vor s\u0103 afle r\u0103spunsuri la \u00eentreb\u0103rile lor.<\/p>\n<p>Hai s\u0103 m\u0103 \u00eentorc la oile mele. \u00cen momentul \u00een care \u201es-a \u00eent\u00e2mplat coinciden\u021ba\u201d,\u00a0 am f\u0103cut leg\u0103tura \u0219i m-am g\u00e2ndit la tine. Poate \u0219i tu te reg\u0103se\u0219ti \u00een aceast\u0103\u00a0 dilem\u0103 sau poate te frustreaz\u0103 atunci c\u00e2nd vezi undeva scris \u201emembrii\u201d \u00een loc de \u201emembri\u201d.<\/p>\n<p>Atunci, hai s\u0103 vedem ce pot face s\u0103 te ajut. \ud83d\ude42<\/p>\n<p>Pentru moment, o s\u0103 m\u0103 refer la aceste dou\u0103 cuvinte, \u201emembru\u201d \u0219i \u201eministru\u201d.<\/p>\n<p><strong>Membru<\/strong><\/p>\n<p><strong><\/strong>A\u0219 vrea s\u0103 dau trei exemple, apoi s\u0103 vedem diferen\u021ba.<\/p>\n<p>&#8211; Tu e\u0219ti un <strong>membru<\/strong> cunoscut al acestei forma\u021bii.<\/p>\n<p>&#8211; Ei sunt cei patru <strong>membri<\/strong> ai forma\u021biei de care \u021bi-am povestit.<\/p>\n<p><strong>&#8211; Membrii<\/strong> acestei forma\u021bii \u00eemi plac mult.<\/p>\n<p>\u0218i acum&#8230; s\u0103 vedem. Cum analiz\u0103m?<\/p>\n<p>&#8211; \u201e<strong>membru<\/strong>\u201d este la singular \u0219i nu ai cum s\u0103 ai dubii \u00een a-l scrie.<\/p>\n<p>&#8211; \u201e<strong>membri<\/strong>\u201d, aici, este la plural, dar nu e articulat. E ca \u0219i cum ai spune: \u201eNu \u0219tiu c\u00e2\u021bi membri are aceast\u0103 organiza\u021bie\u201d. Sau: \u201eVecina mea are trei copii\u201d.<\/p>\n<p>* Dac\u0103 vrei s\u0103 folose\u0219ti cuv\u00e2ntul \u015fi la feminin, ai \u0219i varianta membr\u0103\/membre. (Sunt membra acestei asocia\u021bii. C\u00e2teva membre ale asocia\u021biei mi-au semnalat un caz grav de care ne vom ocupa.)<\/p>\n<p>&#8211; \u201e<strong>membrii<\/strong>\u201d este la plural, dar articulat.<\/p>\n<p>A\u0219 vrea s\u0103 fac \u00eenc\u0103 o dat\u0103 analogia cu un enun\u021b anterior: \u201eCopiii vecinei sunt g\u0103l\u0103gio\u0219i\u201d.<\/p>\n<p>\u00cen alt\u0103 ordine de idei, sunt sigur\u0103 c\u0103 \u0219i tu ai v\u0103zut scris pe undeva a\u0219a:<\/p>\n<p>&#8211; \u201eMembri forma\u021biei au sosit \u00een \u021bar\u0103.\u201d Sau<\/p>\n<p>&#8211; \u201eCei doi membrii au plecat imediat dup\u0103 terminarea concertului.\u201d<\/p>\n<p>Buuun.<\/p>\n<p>Trecem la al doilea cuv\u00e2nt.<\/p>\n<p><strong>Ministru<\/strong><\/p>\n<p><strong><\/strong>Se aplic\u0103 aceea\u0219i regul\u0103:<\/p>\n<p>&#8211; Ast\u0103zi, un <strong>ministru<\/strong> din Fran\u021ba tocmai a sosit la Bucure\u0219ti.<\/p>\n<p>&#8211; Cei doi <strong>mini\u0219tri<\/strong> s-au \u00eent\u00e2lnit \u00een Rom\u00e2nia.<\/p>\n<p><strong>&#8211; Mini\u0219trii<\/strong> celor cinci \u021b\u0103ri au luat parte la congresul din Belgia.<\/p>\n<p><span style=\"font-size: medium; line-height: 24px;\">\u00a0\u0218i acum s\u0103 le lu\u0103m la puricat. \ud83d\ude42\u00a0<\/span><\/p>\n<p>&#8211; \u201e<strong>ministru<\/strong>\u201d este la singular, nearticulat, \u00eel l\u0103s\u0103m \u00een pace \u0219i nu ne atingem de el.<\/p>\n<p>&#8211; \u201e<strong>mini\u015ftri<\/strong>\u201d este la plural, dar nearticulat, a\u0219a c\u0103 nu \u00eel \u00eempopo\u021bon\u0103m cu nu \u0219tiu c\u00e2\u021bi \u201ei\u201d ca un pom de Cr\u0103ciun.<\/p>\n<p>&#8211; \u201e<strong>mini\u015ftrii<\/strong>\u201d este la plural, articulat \u0219i, \u00een sf\u00e2r\u0219it, avem obliga\u021bia s\u0103 ad\u0103ug\u0103m un \u201ei\u201d.<\/p>\n<p>Dup\u0103 cum po\u021bi observa, exist\u0103 un fel de \u0219ablon dup\u0103 care se conduc aceste forme ale cuvintelor.<\/p>\n<p><em><strong>Se termin\u0103 \u00een \u201eu\u201d(la singular), se adaug\u0103 un \u201ei\u201d(la plural, nearticulat) \u0219i scriem doi \u201ei\u201d (la plural, atunci c\u00e2nd e articulat). Ca la o re\u021bet\u0103, iar acestea sunt ingredientele (depinde ce vrei s\u0103 ob\u021bii).<\/strong><\/em><\/p>\n<p>Dar eu mai am o \u00eentrebare: c\u00e2nd un cuv\u00e2nt se scrie articulat \u0219i c\u00e2nd nu, \u00een acest caz, la plural?<\/p>\n<p>P\u0103i, ca s\u0103-\u021bi explic c\u00e2t mai simplu, o s\u0103-\u021bi spun c\u0103:<\/p>\n<p>&#8211;\u00a0\u00a0<strong><em>un substantiv este nearticulat (la plural) atunci c\u00e2nd subiectul la care te referi nu \u00ee\u021bi este cunoscut:<\/em><\/strong><\/p>\n<blockquote><p>Cei doi oameni se apropie repede de mine.<\/p><\/blockquote>\n<p>&#8211;\u00a0\u00a0<strong><em>un substantiv este articulat (la plural) atunci c\u00e2nd subiectul la care te referi \u00ee\u021bi este cunoscut:<\/em><\/strong><\/p>\n<blockquote><p>Oamenii de pe strada mea mi-au s\u0103rit \u00een ajutor de fiecare dat\u0103 c\u00e2nd am avut nevoie.<\/p><\/blockquote>\n<p>\u00centre timp, am mai dat \u00a0peste \u00a0alte cuvinte care \u00eembrac\u0103 aceea\u0219i form\u0103:<\/p>\n<p>&#8211; litru, litri, litrii<\/p>\n<p>&#8211; celebru, celebri, celebrii<\/p>\n<p>&#8211; negru, negri, negrii<\/p>\n<p>&#8211; maestru, mae\u0219tri, mae\u0219trii<\/p>\n<p>&#8211; m\u00e2ndru, m\u00e2ndri, m\u00e2ndrii<\/p>\n<p><strong>\u00a0\u00cen final, ce trebuie s\u0103 re\u021bii tu din tot ce e scris mai sus? <\/strong><\/p>\n<p>1.\u00a0\u00a0Scrii \u201e<strong>membri<\/strong>\u201d, cu un singur \u201ei\u201d, atunci c\u00e2nd substantivul e nearticulat \u0219i nu \u00ee\u021bi este cunoscut.<\/p>\n<p>2.\u00a0\u00a0Scrii \u201e<strong>membrii<\/strong>\u201d, cu doi \u201ei\u201d, atunci c\u00e2nd substantivul este articulat \u0219i \u00ee\u021bi este cunoscut.<\/p>\n<p><strong>Tu ce alte cuvinte mai \u0219tii de acest fel \u0219i care \u00ee\u021bi dau b\u0103t\u0103i de cap?\u00a0<\/strong><\/p>\n<p><strong><\/strong>Cu drag,<\/p>\n<p>Vio<\/p>\n","protected":false},"excerpt":{"rendered":"<p>&nbsp; Alalt\u0103ieri am luat o pauz\u0103 de la treburile mele \u0219i am f\u0103cut o plimbare, bucur\u00e2ndu-m\u0103 de zilele frumoase de var\u0103 t\u00e2rzie. Mergeam lini\u0219tit\u0103 pe strad\u0103, \u00eencerc\u00e2nd s\u0103 simt razele soarelui care \u00eemi m\u00e2ng\u00e2iau pielea. C\u00e2nd, deodat\u0103, apare \u00een fa\u021ba mea o domni\u0219oar\u0103, cu z\u00e2mbetul pe buze, \u0219i \u00eemi \u00eentinde un pliant care anun\u021ba un [&hellip;]<\/p>\n","protected":false},"author":110,"featured_media":0,"comment_status":"open","ping_status":"closed","sticky":false,"template":"","format":"standard","meta":{"zakra_sidebar_layout":"customizer","zakra_remove_content_margin":false,"zakra_sidebar":"customizer","zakra_transparent_header":"customizer","zakra_logo":0,"zakra_main_header_style":"default","zakra_menu_item_color":"","zakra_menu_item_hover_color":"","zakra_menu_item_active_color":"","zakra_menu_active_style":"","zakra_page_header":true},"categories":[5],"tags":[],"yoast_head":"<!-- This site is optimized with the Yoast SEO plugin v14.0.2 - https:\/\/yoast.com\/wordpress\/plugins\/seo\/ -->\n<title>Scap\u0103 de grija \u201ei\u201d-urilor \u0219i nu ezita c\u00e2nd scrii membri sau membrii  - Scrie bine<\/title>\n<meta name=\"robots\" content=\"index, follow\" \/>\n<meta name=\"googlebot\" content=\"index, follow, max-snippet:-1, max-image-preview:large, max-video-preview:-1\" \/>\n<meta name=\"bingbot\" content=\"index, follow, max-snippet:-1, max-image-preview:large, max-video-preview:-1\" \/>\n<link rel=\"canonical\" href=\"https:\/\/scriebine.ro\/?p=592\" \/>\n<meta property=\"og:locale\" content=\"ro_RO\" \/>\n<meta property=\"og:type\" content=\"article\" \/>\n<meta property=\"og:title\" content=\"Scap\u0103 de grija \u201ei\u201d-urilor \u0219i nu ezita c\u00e2nd scrii membri sau membrii  - Scrie bine\" \/>\n<meta property=\"og:description\" content=\"&nbsp; Alalt\u0103ieri am luat o pauz\u0103 de la treburile mele \u0219i am f\u0103cut o plimbare, bucur\u00e2ndu-m\u0103 de zilele frumoase de var\u0103 t\u00e2rzie. Mergeam lini\u0219tit\u0103 pe strad\u0103, \u00eencerc\u00e2nd s\u0103 simt razele soarelui care \u00eemi m\u00e2ng\u00e2iau pielea. C\u00e2nd, deodat\u0103, apare \u00een fa\u021ba mea o domni\u0219oar\u0103, cu z\u00e2mbetul pe buze, \u0219i \u00eemi \u00eentinde un pliant care anun\u021ba un [&hellip;]\" \/>\n<meta property=\"og:url\" content=\"https:\/\/scriebine.ro\/?p=592\" \/>\n<meta property=\"og:site_name\" content=\"Scrie bine\" \/>\n<meta property=\"article:published_time\" content=\"2012-10-07T22:02:13+00:00\" \/>\n<meta property=\"article:modified_time\" content=\"2019-11-27T09:15:06+00:00\" \/>\n<meta property=\"og:image\" content=\"http:\/\/scriebine.ro\/wp-content\/uploads\/2012\/10\/poza-cu-sticla-de-apa-224x300.jpg\" \/>\n<script type=\"application\/ld+json\" class=\"yoast-schema-graph\">{\"@context\":\"https:\/\/schema.org\",\"@graph\":[{\"@type\":\"WebSite\",\"@id\":\"https:\/\/scriebine.ro\/#website\",\"url\":\"https:\/\/scriebine.ro\/\",\"name\":\"Scrie bine\",\"description\":\"Acord\\u0103 aten\\u0163ie modului \\u00een care te exprimi.\",\"potentialAction\":[{\"@type\":\"SearchAction\",\"target\":\"https:\/\/scriebine.ro\/?s={search_term_string}\",\"query-input\":\"required name=search_term_string\"}],\"inLanguage\":\"ro-RO\"},{\"@type\":\"ImageObject\",\"@id\":\"https:\/\/scriebine.ro\/?p=592#primaryimage\",\"inLanguage\":\"ro-RO\",\"url\":\"http:\/\/scriebine.ro\/wp-content\/uploads\/2012\/10\/poza-cu-sticla-de-apa-224x300.jpg\"},{\"@type\":\"WebPage\",\"@id\":\"https:\/\/scriebine.ro\/?p=592#webpage\",\"url\":\"https:\/\/scriebine.ro\/?p=592\",\"name\":\"Scap\\u0103 de grija \\u201ei\\u201d-urilor \\u0219i nu ezita c\\u00e2nd scrii membri sau membrii - Scrie bine\",\"isPartOf\":{\"@id\":\"https:\/\/scriebine.ro\/#website\"},\"primaryImageOfPage\":{\"@id\":\"https:\/\/scriebine.ro\/?p=592#primaryimage\"},\"datePublished\":\"2012-10-07T22:02:13+00:00\",\"dateModified\":\"2019-11-27T09:15:06+00:00\",\"author\":{\"@id\":\"https:\/\/scriebine.ro\/#\/schema\/person\/82b89326b4c4e5d23abc190a04db8878\"},\"inLanguage\":\"ro-RO\",\"potentialAction\":[{\"@type\":\"ReadAction\",\"target\":[\"https:\/\/scriebine.ro\/?p=592\"]}]},{\"@type\":[\"Person\"],\"@id\":\"https:\/\/scriebine.ro\/#\/schema\/person\/82b89326b4c4e5d23abc190a04db8878\",\"name\":\"Vio\",\"image\":{\"@type\":\"ImageObject\",\"@id\":\"https:\/\/scriebine.ro\/#personlogo\",\"inLanguage\":\"ro-RO\",\"url\":\"https:\/\/secure.gravatar.com\/avatar\/03dab8c4abec1deaa4a63bde75a32a87?s=96&d=wavatar&r=g\",\"caption\":\"Vio\"}}]}<\/script>\n<!-- \/ Yoast SEO plugin. -->","_links":{"self":[{"href":"https:\/\/scriebine.ro\/index.php?rest_route=\/wp\/v2\/posts\/592"}],"collection":[{"href":"https:\/\/scriebine.ro\/index.php?rest_route=\/wp\/v2\/posts"}],"about":[{"href":"https:\/\/scriebine.ro\/index.php?rest_route=\/wp\/v2\/types\/post"}],"author":[{"embeddable":true,"href":"https:\/\/scriebine.ro\/index.php?rest_route=\/wp\/v2\/users\/110"}],"replies":[{"embeddable":true,"href":"https:\/\/scriebine.ro\/index.php?rest_route=%2Fwp%2Fv2%2Fcomments&post=592"}],"version-history":[{"count":0,"href":"https:\/\/scriebine.ro\/index.php?rest_route=\/wp\/v2\/posts\/592\/revisions"}],"wp:attachment":[{"href":"https:\/\/scriebine.ro\/index.php?rest_route=%2Fwp%2Fv2%2Fmedia&parent=592"}],"wp:term":[{"taxonomy":"category","embeddable":true,"href":"https:\/\/scriebine.ro\/index.php?rest_route=%2Fwp%2Fv2%2Fcategories&post=592"},{"taxonomy":"post_tag","embeddable":true,"href":"https:\/\/scriebine.ro\/index.php?rest_route=%2Fwp%2Fv2%2Ftags&post=592"}],"curies":[{"name":"wp","href":"https:\/\/api.w.org\/{rel}","templated":true}]}}