{"id":551,"date":"2012-09-24T22:31:45","date_gmt":"2012-09-24T22:31:45","guid":{"rendered":"http:\/\/scriebine.ro\/?p=551"},"modified":"2019-11-27T09:30:49","modified_gmt":"2019-11-27T09:30:49","slug":"mai-stii-cum-m-ai-cunoscut-in-luna-maimai-vs-m-ai","status":"publish","type":"post","link":"https:\/\/scriebine.ro\/?p=551","title":{"rendered":"Mai \u0219tii cum m-ai cunoscut \u00een luna mai? (mai vs. m-ai)"},"content":{"rendered":"<p><strong>\u201eM-ai \u0219tii cum ne-am cunoscut?\u201d<\/strong>,\u00a0scria cineva pe un perete, scrijelind cu creta,\u00a0<a href=\"https:\/\/scriebine.ro\/wp-content\/uploads\/2012\/09\/cratima1.jpg\"><img decoding=\"async\" loading=\"lazy\" class=\"alignright size-full wp-image-552\" title=\"cratima\" alt=\"\" src=\"https:\/\/scriebine.ro\/wp-content\/uploads\/2012\/09\/cratima1.jpg\" width=\"193\" height=\"180\" \/><\/a>pe c\u00e2nd m\u0103 \u00eentorceam ast\u0103zi acas\u0103. De\u0219i nu sunt adepta declara\u021biilor de iubire scrise pe to\u021bi pere\u021bii \u0219i pe toate gardurile, s\u0103 zicem c\u0103 nici nu m\u0103 deranjeaz\u0103 foarte mult. Ceea ce m-a intrigat a fost cum a scris. Dac\u0103 ar fi fost pentru mine ceea ce a scris acel b\u0103iat, a\u0219 fi fost foarte trist\u0103 \u00een loc s\u0103-i sar \u00een bra\u021be, cum s-ar fi a\u0219teptat, probabil. Iar, p\u00e2n\u0103 s\u0103 ajung acas\u0103, am \u00eenceput s\u0103 m\u0103 g\u00e2ndesc la diferite combina\u021bii cu sau f\u0103r\u0103 cratim\u0103 \u0219i la sensuri.<\/p>\n<p>De fapt, cred c\u0103 purtam un dialog imaginar cu respectivul. Fiecare cu piticii lui. \ud83d\ude42 Uneori, a\u0219a \u00eemi \u021bin mintea ocupat\u0103 \u0219i activ\u0103.<\/p>\n<p>Hai s\u0103-\u021bi spun \u0219i \u021bie cum a decurs discu\u021bia:<\/p>\n<p>&#8211; Hei, \u00eei spun eu, pentru cine ai scris tu declara\u021bia asta?<\/p>\n<p>&#8211; Pentru iubita mea.<\/p>\n<p>&#8211; Da? \u00cen ce lun\u0103 v-a\u021bi cunoscut?<\/p>\n<p>&#8211; \u00cen mai.<\/p>\n<p>&#8211; \u00cen mai? \u0218i \u00eemi apare un z\u00e2mbet \u0219iret pe chip. Cum scrii tu luna mai? Cu cratim\u0103 sau f\u0103r\u0103?<\/p>\n<p>&#8211; Aaaa, p\u0103i&#8230; stai s\u0103 m\u0103 g\u00e2ndesc&#8230; parc\u0103 e f\u0103r\u0103.<\/p>\n<p>&#8211; Dar pe perete de ce ai scris \u201em-ai\u201d cu cratim\u0103?<\/p>\n<p>&#8211; P\u0103i nu e corect?<\/p>\n<p>&#8211; P\u0103i&#8230; nu. Crezi c\u0103 iubitei tale i-ar pl\u0103cea o declara\u021bie de dragoste scris\u0103 cu gre\u0219eli? Ar considera lips\u0103 de respect \u0219i fa\u021b\u0103 de ea, \u0219i fa\u021b\u0103 de tine. Este imaginea ta \u00een fa\u021ba ei.<\/p>\n<p>S-a oprit timpul \u00een loc. Se uita la mine \u0219i nu-i venea s\u0103 cread\u0103 ce-l \u00eentreb. Eu m\u0103 uit la el, el se uit\u0103 la mine \u0219i-l v\u0103d pu\u021bin confuz. \u00ce\u0219i \u021binte\u0219te privirea \u00een p\u0103m\u00e2nt \u0219i m\u0103 \u00eentreab\u0103: dar cum trebuia s\u0103 scriu?<\/p>\n<p>\u021aine minte: de\u0219i e un dialog imaginar, cam a\u0219a e reac\u021bia tuturor celor care \u0219tiu c\u0103 nu st\u0103p\u00e2nesc bine limba rom\u00e2n\u0103, se simt pu\u021bin jena\u021bi \u0219i vin tiptil-tiptil la mine, \u00een v\u00e2rful piciorelor, \u0219i m\u0103 roag\u0103 s\u0103-i ajut.<\/p>\n<p>&#8211; Accep\u021bi ajutorul meu? \u00eel \u00eentreb.<\/p>\n<p>&#8211; Hai, spune-mi!<\/p>\n<p>&#8211; Bine. Se scrie f\u0103r\u0103 cratim\u0103. \u0218tii de ce?<\/p>\n<p>&#8211; Nu, \u00eemi r\u0103spunde el.<\/p>\n<p>&#8211; P\u0103i&#8230; s\u0103-\u021bi\u00a0 zic. Sunt dou\u0103 feluri \u00een care po\u021bi scrie \u201emai\u201d: cu cratim\u0103 \u0219i f\u0103r\u0103.<\/p>\n<p>Se scrie cu cratim\u0103 atunci c\u00e2nd te referi la persoana ta \u0219i pe urm\u0103 spui un verb la trecut, la perfect compus. S\u0103-\u021bi dau un exemplu:<\/p>\n<ul>\n<li><strong>M-ai<\/strong> sunat s\u0103-mi dai o veste bun\u0103 \u0219i <strong>m-ai<\/strong> f\u0103cut fericit.<\/li>\n<\/ul>\n<p>Dac\u0103 st\u0103m \u0219i analiz\u0103m fraza, avem a\u0219a:<\/p>\n<p>&#8211; \u201em\u201d face referire la pronumele personal. Tu ai sunat. Pe cine? Pe mine. Acel \u201epe mine\u201d trece \u00een fa\u021ba verbului auxiliar \u201ea avea\u201d.<\/p>\n<p>Eu am<\/p>\n<p><strong>Tu ai<\/strong><\/p>\n<p>El\/ea are<\/p>\n<p>Noi avem<\/p>\n<p>Voi ave\u021bi<\/p>\n<p>Ei au<\/p>\n<p>&#8211; \u201e ai sunat\u201d este verb, la modul indicativ, timp perfect compus (verbul auxiliar \u201ea avea\u201d+verbul la participiu \u201esunat\u201d).\u00a0Un alt caz este acela\u00a0\u00a0\u00een care\u00a0verbul poate fi la modul\u00a0condi\u021bional-optativ: \u201eM-ai suna dac\u0103 mi-ai \u015fti num\u0103rul de telefon\u201d.<\/p>\n<p><strong>Doar \u00een acest caz \u201em-ai\u201d se scrie cu cratim\u0103!!!<\/strong><\/p>\n<p><strong><em>A\u015fadar, \u201em\u201d(pronume personal, se refer\u0103 la persoana ta)+cratim\u0103+ai (verb auxiliar \u201ea avea\u201d)+verb la participiu sau la condi\u021bional-optativ.<\/em><\/strong><\/p>\n<p><strong>&#8211; \u0218i atunci c\u00e2nd se scrie f\u0103r\u0103 liniu\u021b\u0103?<\/strong><\/p>\n<p>&#8211; Ei, \u00een acest caz, \u201emai\u201d are mai multe \u00een\u021belesuri.<\/p>\n<p>S\u0103 le lu\u0103m pe r\u00e2nd:<\/p>\n<p>&#8211; poate fi <strong>adverb<\/strong>, ajut\u00e2nd la formarea gradului de compara\u021bie<\/p>\n<ul>\n<li>comparativ de superioritate (Tu e\u015fti <strong>mai bun<\/strong> dec\u00e2t mine la \u015fah.)<\/li>\n<li>superlativ relativ de superioritate (Tu e\u015fti <strong>cel mai bun<\/strong> din grupul nostru la \u015fah.)<\/li>\n<li>superlativ relativ de inferioritate (Tu e\u0219ti <strong>cel mai pu\u021bin<\/strong> preg\u0103tit din grupul nostru la \u0219ah.)<\/li>\n<\/ul>\n<p>&#8211; ca adverb, mai poate avea <strong>\u0219i alte roluri<\/strong>:<\/p>\n<ul>\n<li><strong>atenueaz\u0103 ideea<\/strong> pe care vrei s\u0103 o exprimi. De exemplu: Ploaia a mai \u00eencetat pu\u021bin, putem s\u0103 plec\u0103m acum.<\/li>\n<li>exprim\u0103 <strong>ideea de pu\u021bin<\/strong>: Vreau s\u0103 mai lucrez p\u00e2n\u0103 se \u00eentunec\u0103.<\/li>\n<li>arat\u0103 <strong>repetarea unei ac\u021biuni<\/strong>: Ai mai vorbit cu George? Ultima dat\u0103 c\u00e2nd l-am v\u0103zut a fost s\u0103pt\u0103m\u00e2na trecut\u0103. Eu nu mai vreau s\u0103 aud de el o perioad\u0103.<\/li>\n<\/ul>\n<p>&#8211; poate fi folosit \u0219i ca <strong>regionalism<\/strong>, cu sensul de unealt\u0103 sub form\u0103 de <strong>ciocan<\/strong> (de lemn) care serve\u0219te la b\u0103tut, \u00eendesat, nivelat.<\/p>\n<p>&#8211; \u201e mai\u201d (f\u0103r\u0103 cratim\u0103) mai \u00eenseamn\u0103 \u0219i <strong>ficat<\/strong><\/p>\n<p>&#8211; \u201emai\u201d este <strong>a cincea lun\u0103 a anului<\/strong>: In luna mai te-am cunoscut pe tine, iar pe 23 mai este ziua mea.<\/p>\n<p>Hai s\u0103 recapitul\u0103m, s\u0103 \u00een\u021belegi mai bine:<\/p>\n<p>&#8211; <strong>\u00a0\u201em-ai\u201d se scrie cu cratim\u0103 atunci c\u00e2nd e vorba de persoana ta, fiind implicat pronumele personal, persoana I-a \u0219i vine a\u0219a:\u00a0<\/strong><\/p>\n<ul>\n<li>m (pronume personal)+cratim\u0103+ai (verb auxiliar \u201ea avea\u201d)+participiu trecut sau condi\u021bional-optativ.<\/li>\n<\/ul>\n<p>Ex.: M-ai sunat \u0219i am r\u0103spuns. (perfect compus)<\/p>\n<p>M-ai chema afar\u0103 dac\u0103 nu ai avea de \u00eenv\u0103\u021bat. (condi\u021bional-optativ, exprim\u0103 o dorin\u021b\u0103)<\/p>\n<p><strong>&#8211; \u201emai\u201d se scrie f\u0103r\u0103 cratim\u0103 atunci c\u00e2nd e adverb:<\/strong><\/p>\n<ul>\n<li>ajut\u0103 la formarea gradului de compara\u021bie (mai ur\u00e2t, mai pu\u021bin ur\u00e2t, cel mai ur\u00e2t, cel mai pu\u021bin ur\u00e2t)<\/li>\n<li>atenueaz\u0103 (diminueaz\u0103, scade din intensitate efectul unei ac\u021biuni) (Mai plou\u0103, dar putem ie\u0219i din cas\u0103.)<\/li>\n<li>un alt mod de a spune \u201emai pu\u021bin\u201d (Mai am o or\u0103\u00a0\u0219i termin munca.)<\/li>\n<li>ajut\u0103 la exprimarea repet\u0103rii unei ac\u021biuni (Vrei s\u0103-\u021bi mai aduc ap\u0103 ?)<\/li>\n<\/ul>\n<p>&#8211; \u201emai\u201d se scrie f\u0103r\u0103 cratim\u0103 atunci c\u00e2nd e <strong>substantiv<\/strong>:<\/p>\n<ul>\n<li>atunci c\u00e2nd \u00eenseamn\u0103 ciocan<\/li>\n<li>atunci c\u00e2nd \u00eenseamn\u0103 ficat<\/li>\n<li>atunci c\u00e2nd \u00eenseamn\u0103 lun\u0103 a anului.<\/li>\n<\/ul>\n<p>Acestea fiind spuse, am ajuns \u0219i acas\u0103 cu o alt\u0103 dilem\u0103 l\u0103murit\u0103, cel pu\u021bin \u00een mintea mea, dilem\u0103 despre care \u00ee\u021bi spun \u0219i \u021bie, s\u0103 \u0219tii c\u00e2nd te mai afli \u00een situa\u021bia de a scrie \u201emai\u201d sau \u201em-ai\u201d, s\u0103 alegi \u00een cuno\u0219tin\u021b\u0103 de cauz\u0103 varianta corect\u0103.<\/p>\n<p><strong>Aten\u021bie: nu se scrie niciodat\u0103\u00a0\u201e ma-i\u201d. Nu are logic\u0103!<\/strong><\/p>\n<p>\u00cen afar\u0103 de \u201em-ai\u201d, ce alte cuvinte cu cratim\u0103 \u00ee\u021bi mai dau dureri de cap?<\/p>\n<p>Cu drag,<\/p>\n<p>Vio<\/p>\n<p>&nbsp;<\/p>\n<p>&nbsp;<\/p>\n","protected":false},"excerpt":{"rendered":"<p>\u201eM-ai \u0219tii cum ne-am cunoscut?\u201d,\u00a0scria cineva pe un perete, scrijelind cu creta,\u00a0pe c\u00e2nd m\u0103 \u00eentorceam ast\u0103zi acas\u0103. De\u0219i nu sunt adepta declara\u021biilor de iubire scrise pe to\u021bi pere\u021bii \u0219i pe toate gardurile, s\u0103 zicem c\u0103 nici nu m\u0103 deranjeaz\u0103 foarte mult. Ceea ce m-a intrigat a fost cum a scris. Dac\u0103 ar fi fost pentru [&hellip;]<\/p>\n","protected":false},"author":110,"featured_media":0,"comment_status":"open","ping_status":"closed","sticky":false,"template":"","format":"standard","meta":{"zakra_sidebar_layout":"customizer","zakra_remove_content_margin":false,"zakra_sidebar":"customizer","zakra_transparent_header":"customizer","zakra_logo":0,"zakra_main_header_style":"default","zakra_menu_item_color":"","zakra_menu_item_hover_color":"","zakra_menu_item_active_color":"","zakra_menu_active_style":"","zakra_page_header":true},"categories":[5],"tags":[],"yoast_head":"<!-- This site is optimized with the Yoast SEO plugin v14.0.2 - https:\/\/yoast.com\/wordpress\/plugins\/seo\/ -->\n<title>Mai \u0219tii cum m-ai cunoscut \u00een luna mai? (mai vs. m-ai) - Scrie bine<\/title>\n<meta name=\"robots\" content=\"index, follow\" \/>\n<meta name=\"googlebot\" content=\"index, follow, max-snippet:-1, max-image-preview:large, max-video-preview:-1\" \/>\n<meta name=\"bingbot\" content=\"index, follow, max-snippet:-1, max-image-preview:large, max-video-preview:-1\" \/>\n<link rel=\"canonical\" href=\"https:\/\/scriebine.ro\/?p=551\" \/>\n<meta property=\"og:locale\" content=\"ro_RO\" \/>\n<meta property=\"og:type\" content=\"article\" \/>\n<meta property=\"og:title\" content=\"Mai \u0219tii cum m-ai cunoscut \u00een luna mai? (mai vs. m-ai) - Scrie bine\" \/>\n<meta property=\"og:description\" content=\"\u201eM-ai \u0219tii cum ne-am cunoscut?\u201d,\u00a0scria cineva pe un perete, scrijelind cu creta,\u00a0pe c\u00e2nd m\u0103 \u00eentorceam ast\u0103zi acas\u0103. De\u0219i nu sunt adepta declara\u021biilor de iubire scrise pe to\u021bi pere\u021bii \u0219i pe toate gardurile, s\u0103 zicem c\u0103 nici nu m\u0103 deranjeaz\u0103 foarte mult. Ceea ce m-a intrigat a fost cum a scris. Dac\u0103 ar fi fost pentru [&hellip;]\" \/>\n<meta property=\"og:url\" content=\"https:\/\/scriebine.ro\/?p=551\" \/>\n<meta property=\"og:site_name\" content=\"Scrie bine\" \/>\n<meta property=\"article:published_time\" content=\"2012-09-24T22:31:45+00:00\" \/>\n<meta property=\"article:modified_time\" content=\"2019-11-27T09:30:49+00:00\" \/>\n<meta property=\"og:image\" content=\"http:\/\/scriebine.ro\/wp-content\/uploads\/2012\/09\/cratima1.jpg\" \/>\n<script type=\"application\/ld+json\" class=\"yoast-schema-graph\">{\"@context\":\"https:\/\/schema.org\",\"@graph\":[{\"@type\":\"WebSite\",\"@id\":\"https:\/\/scriebine.ro\/#website\",\"url\":\"https:\/\/scriebine.ro\/\",\"name\":\"Scrie bine\",\"description\":\"Acord\\u0103 aten\\u0163ie modului \\u00een care te exprimi.\",\"potentialAction\":[{\"@type\":\"SearchAction\",\"target\":\"https:\/\/scriebine.ro\/?s={search_term_string}\",\"query-input\":\"required name=search_term_string\"}],\"inLanguage\":\"ro-RO\"},{\"@type\":\"ImageObject\",\"@id\":\"https:\/\/scriebine.ro\/?p=551#primaryimage\",\"inLanguage\":\"ro-RO\",\"url\":\"http:\/\/scriebine.ro\/wp-content\/uploads\/2012\/09\/cratima1.jpg\"},{\"@type\":\"WebPage\",\"@id\":\"https:\/\/scriebine.ro\/?p=551#webpage\",\"url\":\"https:\/\/scriebine.ro\/?p=551\",\"name\":\"Mai \\u0219tii cum m-ai cunoscut \\u00een luna mai? (mai vs. m-ai) - Scrie bine\",\"isPartOf\":{\"@id\":\"https:\/\/scriebine.ro\/#website\"},\"primaryImageOfPage\":{\"@id\":\"https:\/\/scriebine.ro\/?p=551#primaryimage\"},\"datePublished\":\"2012-09-24T22:31:45+00:00\",\"dateModified\":\"2019-11-27T09:30:49+00:00\",\"author\":{\"@id\":\"https:\/\/scriebine.ro\/#\/schema\/person\/82b89326b4c4e5d23abc190a04db8878\"},\"inLanguage\":\"ro-RO\",\"potentialAction\":[{\"@type\":\"ReadAction\",\"target\":[\"https:\/\/scriebine.ro\/?p=551\"]}]},{\"@type\":[\"Person\"],\"@id\":\"https:\/\/scriebine.ro\/#\/schema\/person\/82b89326b4c4e5d23abc190a04db8878\",\"name\":\"Vio\",\"image\":{\"@type\":\"ImageObject\",\"@id\":\"https:\/\/scriebine.ro\/#personlogo\",\"inLanguage\":\"ro-RO\",\"url\":\"https:\/\/secure.gravatar.com\/avatar\/03dab8c4abec1deaa4a63bde75a32a87?s=96&d=wavatar&r=g\",\"caption\":\"Vio\"}}]}<\/script>\n<!-- \/ Yoast SEO plugin. -->","_links":{"self":[{"href":"https:\/\/scriebine.ro\/index.php?rest_route=\/wp\/v2\/posts\/551"}],"collection":[{"href":"https:\/\/scriebine.ro\/index.php?rest_route=\/wp\/v2\/posts"}],"about":[{"href":"https:\/\/scriebine.ro\/index.php?rest_route=\/wp\/v2\/types\/post"}],"author":[{"embeddable":true,"href":"https:\/\/scriebine.ro\/index.php?rest_route=\/wp\/v2\/users\/110"}],"replies":[{"embeddable":true,"href":"https:\/\/scriebine.ro\/index.php?rest_route=%2Fwp%2Fv2%2Fcomments&post=551"}],"version-history":[{"count":0,"href":"https:\/\/scriebine.ro\/index.php?rest_route=\/wp\/v2\/posts\/551\/revisions"}],"wp:attachment":[{"href":"https:\/\/scriebine.ro\/index.php?rest_route=%2Fwp%2Fv2%2Fmedia&parent=551"}],"wp:term":[{"taxonomy":"category","embeddable":true,"href":"https:\/\/scriebine.ro\/index.php?rest_route=%2Fwp%2Fv2%2Fcategories&post=551"},{"taxonomy":"post_tag","embeddable":true,"href":"https:\/\/scriebine.ro\/index.php?rest_route=%2Fwp%2Fv2%2Ftags&post=551"}],"curies":[{"name":"wp","href":"https:\/\/api.w.org\/{rel}","templated":true}]}}