{"id":1313,"date":"2021-02-12T15:57:09","date_gmt":"2021-02-12T13:57:09","guid":{"rendered":"http:\/\/scriebine.ro\/?p=1313"},"modified":"2021-02-12T20:26:04","modified_gmt":"2021-02-12T18:26:04","slug":"stii-sa-lasi-spatiu-inainte-si-dupa-semnele-de-punctuatie","status":"publish","type":"post","link":"https:\/\/scriebine.ro\/?p=1313","title":{"rendered":"\u015etii s\u0103 la\u015fi spa\u0163iu \u00eenainte \u015fi dup\u0103 semnele de punctua\u0163ie?"},"content":{"rendered":"\n<div class=\"wp-block-image\"><figure class=\"aligncenter size-large is-resized\"><img decoding=\"async\" loading=\"lazy\" src=\"https:\/\/scriebine.ro\/wp-content\/uploads\/2021\/02\/buna-1024x819.png\" alt=\"\" class=\"wp-image-1312\" width=\"383\" height=\"305\" srcset=\"https:\/\/scriebine.ro\/wp-content\/uploads\/2021\/02\/buna-1024x819.png 1024w, https:\/\/scriebine.ro\/wp-content\/uploads\/2021\/02\/buna-300x240.png 300w, https:\/\/scriebine.ro\/wp-content\/uploads\/2021\/02\/buna-768x614.png 768w, https:\/\/scriebine.ro\/wp-content\/uploads\/2021\/02\/buna-1536x1229.png 1536w, https:\/\/scriebine.ro\/wp-content\/uploads\/2021\/02\/buna-660x528.png 660w, https:\/\/scriebine.ro\/wp-content\/uploads\/2021\/02\/buna.png 2000w\" sizes=\"(max-width: 383px) 100vw, 383px\" \/><\/figure><\/div>\n\n\n\n<p class=\"has-drop-cap\">M\u0103 bucur c\u0103 ai deschis acest articol pentru a vedea cum po\u0163i s\u0103 adaugi ingredientele \u00een textul t\u0103u, astfel \u00eenc\u00e2t s\u0103 nu fie lipsit de gust, dar nici prea s\u0103rat! \u00cenainte de a citi ce am scris, f\u0103-\u0163i un ceai, cafea, pentru c\u0103 e lung articolul. \ud83d\ude42<\/p>\n\n\n\n<p>\u015etii c\u0103 se spune c\u0103 micile detalii sunt cele care fac diferen\u0163a? \u00centr-un text, se analizeaz\u0103 \u015fi spa\u0163iile care se las\u0103 \u00eenainte \u015fi dup\u0103 semnele de punctua\u0163ie. E chirurgie lingvistic\u0103. Asta face un corector. Face chirurgie lingvistic\u0103. Este atent la spa\u0163iul care se afl\u0103 (sau nu) \u00eenainte de virgul\u0103. \ud83d\ude42 Interesant este c\u0103 aceste semne de punctua\u0163ie reprezint\u0103 sarea \u015fi piperul unui text. \u015ei e art\u0103 s\u0103 \u015ftii s\u0103 le pui, s\u0103 accentuezi, s\u0103 la\u015fi spa\u0163ii \u2013 astfel, textul are savoare, este foarte u\u015for de citit, e fluid. Dac\u0103 autorul \u015ftie s\u0103 pun\u0103 \u00eentre virgule un cuv\u00e2nt, \u015fi cititorul va \u015fti exact ceea ce subliniaz\u0103 autorul.<\/p>\n\n\n\n<p>\u00cens\u0103 dac\u0103 semnele de punctua\u0163ie sunt l\u0103sate \u00een b\u0103taia v\u00e2ntului&nbsp; \u2013 c\u00e2nd pui o virgul\u0103 pentru c\u0103 ai f\u0103cut tu o pauz\u0103 \u00een g\u00e2nd (f\u0103r\u0103 s\u0103 ai no\u0163iuni elementare de gramatic\u0103 \u2013 subiect, predicat, apozi\u0163ie), c\u00e2nd pui prea multe \u2013 \u0163in s\u0103 te anun\u0163 (cu cel mai mare drag pentru efortul depus) c\u0103 \u015fi \u00een\u0163elegerea cititorului a ceea ce cite\u015fte va fi destul de mic\u0103. Sau \u00eel vei supune unui mare chin s\u0103 pun\u0103 \u00een g\u00e2nd, \u00een locul t\u0103u, acele semne de punctua\u0163ie, spa\u0163ii, iar, la un moment dat, cam pe la \u00eenceputul c\u0103r\u0163ii, o va \u00eenchide pentru c\u0103 nu o poate citi.<\/p>\n\n\n\n<p>Din p\u0103cate, acesta este cazul multor autori care \u00ee\u015fi public\u0103 crea\u0163iile scrise cum au \u015ftiut ei sau le dau unor prieteni s\u0103 le corecteze.<\/p>\n\n\n\n<p>De exemplu, \u00eentre o fotografie surprins\u0103 de un amator \u015fi una f\u0103cut\u0103 de un profesionist este o diferen\u0163\u0103 foarte mare. Iar azi vom deslu\u015fi acest mister, ajut\u00e2ndu-te pe tine s\u0103 \u00eencepi s\u0103 scrii c\u00e2t mai bine \u015fi s\u0103 fii atent la frumuse\u0163ea textului.<\/p>\n\n\n\n<p>Pentru unii, acest detaliu este at\u00e2t de nesemnificativ, \u00eenc\u00e2t aproape c\u0103 nici nu exist\u0103 acest subiect. Pentru al\u0163ii, aceast\u0103 discu\u0163ie este ceva de baz\u0103 (ca virgula dintre subiect \u015fi predicat), deci, nu ar trebui s\u0103 se vorbeasc\u0103 despre ea, fiind banal\u0103. Asta pentru c\u0103 cei din urm\u0103 \u015ftiu deja regulile \u015fi pentru ei acest lucru e plictisitor. Pot \u00eentreba: pe bune c\u0103 scrii despre asta? E&#8230; simplu.<\/p>\n\n\n\n<p>Nu, nu e simplu. \u015ei pot confirma cu m\u00e2na pe inim\u0103 c\u00e2te spa\u0163ii am \u015fters \u00een cele peste 50 de c\u0103r\u0163i corectate p\u00e2n\u0103 acum. Uneori, nu puteam fi atent\u0103 la text, \u00een ansamblu, pentru c\u0103 eu aveam de \u015fters spa\u0163ii. Nu \u015ftiu exact de ce oamenii nu \u015ftiu sau nu vor s\u0103 \u015ftie despre acest subiect, \u00eens\u0103 crede-m\u0103 c\u0103 pe Facebook poate merge, motiv\u00e2nd c\u0103 scrii \u00een grab\u0103 etc. (asta poate \u00eentr-o discu\u0163ie privat\u0103, pentru c\u0103, \u00eentr-un comentariu, iar\u0103\u015fi nu e bine, \u00eens\u0103 acesta este alt subiect). Dar \u00eentr-o carte, \u00eentr-un articol&#8230; te las pe tine s\u0103 tragi concluzia cum ar ar\u0103ta.<\/p>\n\n\n\n<p>Iar dac\u0103 spui c\u0103 nu conteaz\u0103 forma, ci s\u0103 \u00een\u0163elegi ce spune autorul, nu ai niciun motiv s\u0103 cite\u015fti acest articol, pur \u015fi simplu, nu e pentru tine.<\/p>\n\n\n\n<p>Hai s\u0103 deslu\u015fim dilema spa\u0163iului \u00een privin\u0163a semnelor de punctua\u0163ie. Acum \u00eenv\u0103\u0163\u0103m. E valabil pentru orice scrii, indiferent c\u0103 e vorba de o carte, de un articol, de o declara\u0163ie etc.<\/p>\n\n\n\n<p class=\"has-drop-cap\"><strong>Apostroful <\/strong>este semnul grafic care marcheaz\u0103&nbsp; c\u0103derea unor sunete de la \u00eenceputul, de la mijlocul sau de la sf\u00e2r\u015fitul unui cuv\u00e2nt: cre\u2019 c\u0103, domnu\u2019.<\/p>\n\n\n\n<blockquote class=\"wp-block-quote\"><p><em>\u201eDup\u0103 cum observi, nu este spa\u0163iu dup\u0103 apostrof. Apostroful, marc\u00e2nd absen\u021ba unui caracter, nu este nici precedat, nici urmat de spa\u021biu suplimentar. \u00cen mod evident, c\u00e2nd apostroful se pune la \u00eenceputul sau la sf\u00e2r\u0219itul cuv\u00e2ntului, spa\u021biul care delimiteaz\u0103 cuv\u00e2ntul se p\u0103streaz\u0103.\u201d<\/em> (citat luat din <a rel=\"noreferrer noopener\" href=\"https:\/\/www.dictie.ro\/apostroful-semnul-de-punctuatie-aflat-in-moarte-clinica\/\" target=\"_blank\">acest articol<\/a> unde po\u0163i citi mai mult despre apostrof)<\/p><\/blockquote>\n\n\n\n<ul><li><strong>A\u015fadar, nu se las\u0103 spa\u0163iu \u00eentre apostrof (care \u00eenlocuie\u015fte o liter\u0103) \u015fi cuv\u00e2ntul din care, s\u0103 zicem, face parte: domnu\u2019 (domnul), da\u2019 (dar).<\/strong><\/li><\/ul>\n\n\n\n<p class=\"has-drop-cap\"><strong>Cratima sau liniu\u0163a de unire<\/strong><\/p>\n\n\n\n<blockquote class=\"wp-block-quote\"><p><em>\u201e\u00cen dic\u0163ionar, cratima este un semn grafic, fiind folosit pentru a lega dou\u0103 sau mai multe cuvinte care se pronun\u0163\u0103 separat, pentru a desp\u0103r\u0163i cuvintele \u00een silabe. Se mai nume\u015fte \u015fi liniu\u0163\u0103 de unire sau ortogram\u0103.\u201d<\/em> (citat din bonusul \u201eAcum \u015ftiu s\u0103 folosesc cratima\u201d oferit cititorilor care iau cartea \u201e<a rel=\"noreferrer noopener\" href=\"https:\/\/scriebine.ro\/gramatica-are-suflet\/\" target=\"_blank\">Gramatica are suflet<\/a>\u201d)<\/p><\/blockquote>\n\n\n\n<ul><li><strong>\u00cen acest caz, nu se las\u0103 spa\u0163iu nici \u00eenainte de cratim\u0103, nici dup\u0103 ea<\/strong>.<\/li><\/ul>\n\n\n\n<p class=\"has-text-color has-luminous-vivid-orange-color\">Concursul s-a terminat. (corect)<\/p>\n\n\n\n<p>Concursul s &#8211; a terminat. (gre\u015fit)<\/p>\n\n\n\n<p>Concursul s -a terminat. (gre\u015fit)<\/p>\n\n\n\n<p>Concursul s- a terminat. (gre\u015fit)<\/p>\n\n\n\n<p class=\"has-drop-cap\"><strong>Linia de pauz\u0103<\/strong> \u2013 semnul grafic de punctua\u021bie care marcheaz\u0103 pauza dintre diferitele p\u0103r\u021bi ale propozi\u021biei, dintre propozi\u021bii \u0219i fraze.<\/p>\n\n\n\n<ul><li><strong>Dac\u0103 folose\u015fti cratima ca linie de spa\u0163iu, se las\u0103 un spa\u0163iu \u00eenaintea ei \u015fi dup\u0103 ea.<\/strong><\/li><\/ul>\n\n\n\n<p class=\"has-text-color has-luminous-vivid-orange-color\">Tat\u0103l meu \u2013 un om simplu \u2013 a l\u0103sat ceva valoros \u00een urm\u0103. (corect)<\/p>\n\n\n\n<p>Tat\u0103l meu\u2013&nbsp; un om simplu \u2013 a l\u0103sat ceva valoros \u00een urm\u0103. (gre\u015fit)<\/p>\n\n\n\n<p>Tat\u0103l meu \u2013un om obi\u015fnuit \u2013&nbsp; a l\u0103sat ceva valoros \u00een urm\u0103. (gre\u015fit)<\/p>\n\n\n\n<p>Tat\u0103l meu\u2013 un om simplu\u2013 a l\u0103sat ceva valoros \u00een urm\u0103. (gre\u015fit)<\/p>\n\n\n\n<p class=\"has-drop-cap\"><strong>Dou\u0103 puncte<\/strong> \u2013 semnul de punctua\u021bie care anun\u021b\u0103 vorbirea direct\u0103 sau o enumerare, o explica\u021bie, o concluzie \u0219i marcheaz\u0103 o pauz\u0103 mai mic\u0103 dec\u00e2t cea indicat\u0103 de punct. Dou\u0103 puncte au rolul de a atrage aten\u021bia a ceea ce urmeaz\u0103 dup\u0103 ele.<\/p>\n\n\n\n<ul><li><strong>\u00cenainte de dou\u0103 puncte, nu pui spa\u0163iu. \u00cens\u0103 dup\u0103 acest semn de punctua\u0163ie obligatoriu la\u015fi spa\u0163iu<\/strong>.<\/li><\/ul>\n\n\n\n<blockquote class=\"wp-block-quote\"><p><em>\u201eS\u0103-\u0163i spun ce mi-a adus tata: un co\u015f cu fructe, o p\u0103l\u0103rie \u015fi o juc\u0103rie.\u201d<\/em> (Gramatica are suflet)<\/p><\/blockquote>\n\n\n\n<p class=\"has-drop-cap\"><strong>Ghilimelele <\/strong>\u2013 semne grafice pereche folosite pentru a marca un fragment reprodus \u00eentocmai dup\u0103 cum a fost spus sau scris de cineva.<\/p>\n\n\n\n<p>&nbsp;(Te rog, drag\u0103 cititorule, atunci c\u00e2nd scrii \u00een rom\u00e2n\u0103 \u015fi vine momentul s\u0103 pui ghilimele, folose\u015fte-le pe cele rom\u00e2ne\u015fti: <strong>\u201e&#8230;\u201d<\/strong>! Nu vrei s\u0103 \u015ftii c\u00e2te ghilimele am schimbat \u00een to\u0163i ace\u015fti ani pe care le g\u0103se\u015fti comod pe tastatur\u0103: \u201c&#8230;\u201d,&#8221;&#8230;&#8221;.)<\/p>\n\n\n\n<p>Exemplu:<\/p>\n\n\n\n<p class=\"has-text-color has-luminous-vivid-orange-color\"><em>\u201eUn prieten adev\u0103rat te prinde de m\u00e2n\u0103 \u015fi \u00ee\u0163i atinge inima.\u201d<\/em> (Gabriel Garcia Marquez) (corect)<\/p>\n\n\n\n<p>\u201e Un prieten adev\u0103rat te prinde de m\u00e2n\u0103 \u015fi \u00ee\u0163i atinge inima.\u201d (gre\u015fit)<\/p>\n\n\n\n<p>\u201eUn prieten adev\u0103rat te prinde de m\u00e2n\u0103 \u015fi \u00ee\u0163i atinge inima. \u201d  (gre\u015fit)<\/p>\n\n\n\n<p>\u201e Un prieten adev\u0103rat te prinde de m\u00e2n\u0103 \u015fi \u00ee\u0163i atinge inima. \u201d  (gre\u015fit)<\/p>\n\n\n\n<p class=\"has-drop-cap\"><strong>Paranteza <\/strong>\u2013 semn de punctua\u0163ie care separ\u0103, explic\u0103 sau eviden\u0163iaz\u0103 un anumit text.<\/p>\n\n\n\n<p><strong>C\u00e2nd paranteza este \u00een interiorul frazei, se las\u0103 un spa\u0163iu \u00eenainte de paranteza deschis\u0103 \u015fi un spa\u0163iu dup\u0103 paranteza \u00eenchis\u0103:<\/strong><\/p>\n\n\n\n<p>A\u015f vrea s\u0103-i spun ce comand (m-am hot\u0103r\u00e2t, \u00een sf\u00e2r\u015fit) \u015fi \u00eel a\u015ftept s\u0103 vin\u0103 din pauz\u0103.<\/p>\n\n\n\n<ul><li><strong>(spa\u0163iu \u00eenainte de paranteza deschis\u0103, spa\u0163iu dup\u0103 paranteza \u00eenchis\u0103)<\/strong><\/li><\/ul>\n\n\n\n<p><strong>C\u00e2nd, dup\u0103 paranteza de \u00eenchidere, pui virgul\u0103, de exemplu, nu la\u015fi spa\u0163iu dup\u0103 ea:<\/strong><\/p>\n\n\n\n<p class=\"has-text-color has-luminous-vivid-orange-color\">A\u015f vrea s\u0103-i spun ce comand (m-am hot\u0103r\u00e2t, \u00een sf\u00e2r\u015fit), dar a plecat \u00een pauz\u0103. (corect)<\/p>\n\n\n\n<p>A\u015f vrea s\u0103-i spun ce comand (m-am hot\u0103r\u00e2t, \u00een sf\u00e2r\u015fit) , dar a plecat \u00een pauz\u0103. (gre\u015fit)<\/p>\n\n\n\n<ul><li><strong>(spa\u0163iu \u00eenainte de paranteza deschis\u0103, f\u0103r\u0103 spa\u0163iu dup\u0103 paranteza \u00eenchis\u0103)<\/strong><\/li><\/ul>\n\n\n\n<p><strong>C\u00e2nd paranteza este la sf\u00e2r\u015fitul frazei, nu se las\u0103 spa\u0163iu \u00eentre paranteza \u00eenchis\u0103 \u015fi punct (sau orice alt semn de punctua\u0163ie).<\/strong><\/p>\n\n\n\n<p class=\"has-text-color has-luminous-vivid-orange-color\">Vrea s\u0103 vin\u0103 la noi duminic\u0103 (azi m-a anun\u0163at). (corect)<\/p>\n\n\n\n<p>Vrea s\u0103 vin\u0103 la noi duminic\u0103 (azi m-a anun\u0163at) . (gre\u015fit)<\/p>\n\n\n\n<p>Vrea s\u0103 vin\u0103 la noi duminic\u0103(azi m-a anun\u0163at) . (gre\u015fit)<\/p>\n\n\n\n<p class=\"has-drop-cap\">Aten\u0163ie! Nu se las\u0103 spa\u0163iu dup\u0103 paranteza deschis\u0103 \u015fi nici \u00eenaintea parantezei \u00eenchise:<\/p>\n\n\n\n<p class=\"has-text-color has-luminous-vivid-orange-color\">A\u015f vrea s\u0103-i spun ce comand (m-am hot\u0103r\u00e2t, \u00een sf\u00e2r\u015fit), dar a plecat \u00een pauz\u0103. (corect)<\/p>\n\n\n\n<p>A\u015f vrea s\u0103-i spun ce comand ( m-am hot\u0103r\u00e2t, \u00een sf\u00e2r\u015fit ), dar a plecat \u00een pauz\u0103. (gre\u015fit)<\/p>\n\n\n\n<p><strong>Excep\u0163ie<\/strong>, ca \u00een cazul de mai jos, unde nu se las\u0103 niciun spa\u0163iu.<\/p>\n\n\n\n<p>E\u015fti si(n)gur.<\/p>\n\n\n\n<p class=\"has-drop-cap\"><strong>Punctul <\/strong>\u2013 semn de punctua\u0163ie care se pune la sf\u00e2r\u015fitul unei propozi\u0163ii sau al unei fraze.<\/p>\n\n\n\n<ul><li><strong>F\u0103r\u0103 spa\u0163iu \u00eenainte de punct. Se las\u0103 spa\u0163iu dup\u0103 punct.<\/strong><\/li><\/ul>\n\n\n\n<p class=\"has-text-color has-luminous-vivid-orange-color\">Vreau s\u0103 plec acas\u0103. (corect)<\/p>\n\n\n\n<p>Vreau s\u0103 plec acas\u0103 . (gre\u015fit)<\/p>\n\n\n\n<p class=\"has-text-color has-luminous-vivid-orange-color\">Vreau s\u0103 plec acas\u0103. Vine \u015fi fratele meu cu mine. (corect)<\/p>\n\n\n\n<p>Vreau s\u0103 plec acas\u0103.Vine \u015fi fratele meu cu mine. (gre\u015fit)<\/p>\n\n\n\n<p><strong>Excep\u0163ii<\/strong>:<\/p>\n\n\n\n<p>Nu se las\u0103 spa\u0163iu dup\u0103 punct c\u00e2nd folose\u015fti:<\/p>\n\n\n\n<p>a) abrevieri: \u015f.a.m.d.; abrevieri ale numelor: I.L. Caragiale, St.O. Iosif<\/p>\n\n\n\n<p>b) date (12.02.2021).<\/p>\n\n\n\n<p class=\"has-drop-cap\"><strong>Punct \u015fi virgul\u0103<\/strong> \u2013 semn de punctua\u0163ie folosit pentru a desp\u0103r\u0163i fie propozi\u0163ii, fie grupuri de propozi\u0163ii, concepute ca unit\u0103\u0163i relativ independente, \u00een cadrul unei fraze.<\/p>\n\n\n\n<ul><li><strong>Ca \u015fi \u00een cazul punctului, f\u0103r\u0103 spa\u0163iu \u00eenainte de punct \u015fi virgul\u0103 \u015fi se las\u0103 spa\u0163iu dup\u0103 punct \u015fi virgul\u0103.<\/strong><\/li><\/ul>\n\n\n\n<p class=\"has-text-color has-luminous-vivid-orange-color\"><em>\u201eC\u00e2inele latr\u0103; se aude un zgomot afar\u0103; a ajuns, \u00een sf\u00e2r\u015fit, vecinul Vasile la noi.\u201d<\/em> (Gramatica are suflet) (corect)<\/p>\n\n\n\n<p>\u201eC\u00e2inele latr\u0103; se aude un zgomot afar\u0103 ; a ajuns, \u00een sf\u00e2r\u015fit, vecinul Vasile la noi.\u201d (gre\u015fit)<\/p>\n\n\n\n<p class=\"has-drop-cap\"><strong>Punctele de suspensie<\/strong> \u2013 arat\u0103 o \u00eentrerupere \u00een \u015firul g\u00e2ndirii, al ac\u0163iunii sau o omisiune \u00een text. Punctele de suspensie sunt 3 (&#8230;), nu.., nu&#8230;., nu&#8230;&#8230;<\/p>\n\n\n\n<ul><li><strong>F\u0103r\u0103 spa\u0163iu \u00eenainte de punctele de suspensie. Pui spa\u0163iu dup\u0103 punctele de suspensie.<\/strong><\/li><\/ul>\n\n\n\n<p class=\"has-text-color has-luminous-vivid-orange-color\">Nici nu \u015ftiu dac\u0103 s\u0103 plec sau s\u0103 r\u0103m\u00e2n&#8230; (corect)<\/p>\n\n\n\n<p>Nici nu \u015ftiu dac\u0103 s\u0103 plec sau s\u0103 r\u0103m\u00e2n &#8230; (gre\u015fit)<\/p>\n\n\n\n<p class=\"has-text-color has-luminous-vivid-orange-color\">Nici nu \u015ftiu dac\u0103 s\u0103 plec sau s\u0103 r\u0103m\u00e2n&#8230; Tu ce p\u0103rere ai? (corect)<\/p>\n\n\n\n<p>Nici nu \u015ftiu dac\u0103 s\u0103 plec sau s\u0103 r\u0103m\u00e2n&#8230;Tu ce p\u0103rere ai? (gre\u015fit)<\/p>\n\n\n\n<p class=\"has-drop-cap\"><strong>Semnul exclam\u0103rii<\/strong> \u2013 semn de punctua\u0163ie care marcheaz\u0103 grafic intona\u0163ia frazelor \u015fi a propozi\u0163iilor exclamative sau imperative.<\/p>\n\n\n\n<ul><li><strong>F\u0103r\u0103 spa\u0163iu \u00eenainte de semnul exclam\u0103rii. Pui spa\u0163iu dup\u0103 semnul exclam\u0103rii.<\/strong><\/li><\/ul>\n\n\n\n<p class=\"has-text-color has-luminous-vivid-orange-color\">Fii atent! A\u015fteapt\u0103 s\u0103 se fac\u0103 semaforul verde. (corect)<\/p>\n\n\n\n<p>Fii atent!A\u015fteapt\u0103 s\u0103 se fac\u0103 semaforul verde. (gre\u015fit)<\/p>\n\n\n\n<p class=\"has-drop-cap\"><strong>Semnul \u00eentreb\u0103rii <\/strong>\u2013 semn de punctua\u0163ie folosit pentru a marca intona\u0163ia propozi\u0163iilor sau a frazelor interogative.<\/p>\n\n\n\n<ul><li><strong>F\u0103r\u0103 spa\u0163iu \u00eenainte de semnul \u00eentreb\u0103rii. Pui spa\u0163iu dup\u0103 semnul \u00eentreb\u0103rii<\/strong>.<\/li><\/ul>\n\n\n\n<p class=\"has-text-color has-luminous-vivid-orange-color\">Ce faci aici? \u0162i-am spus s\u0103 a\u015ftep\u0163i \u00een cas\u0103. (corect)<\/p>\n\n\n\n<p>Ce faci aici?\u0162i-am spus s\u0103 a\u015ftep\u0163i \u00een cas\u0103. (gre\u015fit)<\/p>\n\n\n\n<p class=\"has-drop-cap\"><strong>Virgula <\/strong>\u2013 semn de punctua\u0163ie care delimiteaz\u0103 grafic o pauz\u0103 \u00eentre p\u0103r\u0163i de propozi\u0163ie sau \u00eentre propozi\u0163iile unei fraze.<\/p>\n\n\n\n<ul><li><strong>F\u0103r\u0103 spa\u0163iu \u00eenainte de virgul\u0103. Pui spa\u0163iu dup\u0103 virgul\u0103.<\/strong><\/li><\/ul>\n\n\n\n<p class=\"has-text-color has-luminous-vivid-orange-color\">Aceast\u0103 doamn\u0103, \u00eembr\u0103cat\u0103 \u00een galben, mi-a adus o floare. (corect)<\/p>\n\n\n\n<p>Aceast\u0103 doamn\u0103 , \u00eembr\u0103cat\u0103 \u00een galben, mi-a adus o floare. (gre\u015fit)<\/p>\n\n\n\n<p>Aceast\u0103 doamn\u0103 , \u00eembr\u0103cat\u0103 \u00een galben , mi-a adus o floare. (gre\u015fit)<\/p>\n\n\n\n<p>Uite \u015fi alt exemplu:<\/p>\n\n\n\n<p>C\u00e2nd numerotezi ceva, la\u015fi spa\u0163iu dup\u0103 parantez\u0103:<\/p>\n\n\n\n<p class=\"has-text-color has-luminous-vivid-orange-color\">1) p\u00e2ine<\/p>\n\n\n\n<p class=\"has-text-color has-luminous-vivid-orange-color\">2) ap\u0103<\/p>\n\n\n\n<p class=\"has-text-color has-luminous-vivid-orange-color\">3) ciocolat\u0103&nbsp; (corect)<\/p>\n\n\n\n<p>1)p\u00e2ine<\/p>\n\n\n\n<p>2)ap\u0103<\/p>\n\n\n\n<p>3)ciocolat\u0103 (gre\u015fit).<\/p>\n\n\n\n<p>Felicit\u0103ri c\u0103 ai r\u0103mas p\u00e2n\u0103 la finalul articolului! M-a\u015f bucura s\u0103 \u015ftiu c\u0103 te ajut\u0103 sau c\u0103 o s\u0103 \u0163ii minte c\u0103, \u00een majoritatea cazurilor, nu se las\u0103 spa\u0163iu \u00eenaintea semnelor de punctua\u0163ie, ci dup\u0103 ele.<\/p>\n\n\n\n<p>Cu drag,<\/p>\n\n\n\n<p>Vio<\/p>\n","protected":false},"excerpt":{"rendered":"<p>M\u0103 bucur c\u0103 ai deschis acest articol pentru a vedea cum po\u0163i s\u0103 adaugi ingredientele \u00een textul t\u0103u, astfel \u00eenc\u00e2t s\u0103 nu fie lipsit de gust, dar nici prea s\u0103rat! \u00cenainte de a citi ce am scris, f\u0103-\u0163i un ceai, cafea, pentru c\u0103 e lung articolul. \ud83d\ude42 \u015etii c\u0103 se spune c\u0103 micile detalii sunt [&hellip;]<\/p>\n","protected":false},"author":110,"featured_media":1312,"comment_status":"open","ping_status":"open","sticky":false,"template":"","format":"standard","meta":{"zakra_sidebar_layout":"customizer","zakra_remove_content_margin":false,"zakra_sidebar":"customizer","zakra_transparent_header":"customizer","zakra_logo":0,"zakra_main_header_style":"default","zakra_menu_item_color":"","zakra_menu_item_hover_color":"","zakra_menu_item_active_color":"","zakra_menu_active_style":"","zakra_page_header":true},"categories":[1,119],"tags":[139,140,142,143,144,137,138,141],"yoast_head":"<!-- This site is optimized with the Yoast SEO plugin v14.0.2 - https:\/\/yoast.com\/wordpress\/plugins\/seo\/ -->\n<title>\u015etii s\u0103 la\u015fi spa\u0163iu \u00eenainte \u015fi dup\u0103 semnele de punctua\u0163ie? - Scrie bine<\/title>\n<meta name=\"description\" content=\"Spatiu inainte de virgula\" \/>\n<meta name=\"robots\" content=\"index, follow\" \/>\n<meta name=\"googlebot\" content=\"index, follow, max-snippet:-1, max-image-preview:large, max-video-preview:-1\" \/>\n<meta name=\"bingbot\" content=\"index, follow, max-snippet:-1, max-image-preview:large, max-video-preview:-1\" \/>\n<link rel=\"canonical\" href=\"https:\/\/scriebine.ro\/?p=1313\" \/>\n<meta property=\"og:locale\" content=\"ro_RO\" \/>\n<meta property=\"og:type\" content=\"article\" \/>\n<meta property=\"og:title\" content=\"\u015etii s\u0103 la\u015fi spa\u0163iu \u00eenainte \u015fi dup\u0103 semnele de punctua\u0163ie? - Scrie bine\" \/>\n<meta property=\"og:description\" content=\"Spatiu inainte de virgula\" \/>\n<meta property=\"og:url\" content=\"https:\/\/scriebine.ro\/?p=1313\" \/>\n<meta property=\"og:site_name\" content=\"Scrie bine\" \/>\n<meta property=\"article:published_time\" content=\"2021-02-12T13:57:09+00:00\" \/>\n<meta property=\"article:modified_time\" content=\"2021-02-12T18:26:04+00:00\" \/>\n<meta property=\"og:image\" content=\"https:\/\/scriebine.ro\/wp-content\/uploads\/2021\/02\/buna.png\" \/>\n\t<meta property=\"og:image:width\" content=\"2000\" \/>\n\t<meta property=\"og:image:height\" content=\"1600\" \/>\n<script type=\"application\/ld+json\" class=\"yoast-schema-graph\">{\"@context\":\"https:\/\/schema.org\",\"@graph\":[{\"@type\":\"WebSite\",\"@id\":\"https:\/\/scriebine.ro\/#website\",\"url\":\"https:\/\/scriebine.ro\/\",\"name\":\"Scrie bine\",\"description\":\"Acord\\u0103 aten\\u0163ie modului \\u00een care te exprimi.\",\"potentialAction\":[{\"@type\":\"SearchAction\",\"target\":\"https:\/\/scriebine.ro\/?s={search_term_string}\",\"query-input\":\"required name=search_term_string\"}],\"inLanguage\":\"ro-RO\"},{\"@type\":\"ImageObject\",\"@id\":\"https:\/\/scriebine.ro\/?p=1313#primaryimage\",\"inLanguage\":\"ro-RO\",\"url\":\"https:\/\/scriebine.ro\/wp-content\/uploads\/2021\/02\/buna.png\",\"width\":2000,\"height\":1600},{\"@type\":\"WebPage\",\"@id\":\"https:\/\/scriebine.ro\/?p=1313#webpage\",\"url\":\"https:\/\/scriebine.ro\/?p=1313\",\"name\":\"\\u015etii s\\u0103 la\\u015fi spa\\u0163iu \\u00eenainte \\u015fi dup\\u0103 semnele de punctua\\u0163ie? - Scrie bine\",\"isPartOf\":{\"@id\":\"https:\/\/scriebine.ro\/#website\"},\"primaryImageOfPage\":{\"@id\":\"https:\/\/scriebine.ro\/?p=1313#primaryimage\"},\"datePublished\":\"2021-02-12T13:57:09+00:00\",\"dateModified\":\"2021-02-12T18:26:04+00:00\",\"author\":{\"@id\":\"https:\/\/scriebine.ro\/#\/schema\/person\/82b89326b4c4e5d23abc190a04db8878\"},\"description\":\"Spatiu inainte de virgula\",\"inLanguage\":\"ro-RO\",\"potentialAction\":[{\"@type\":\"ReadAction\",\"target\":[\"https:\/\/scriebine.ro\/?p=1313\"]}]},{\"@type\":[\"Person\"],\"@id\":\"https:\/\/scriebine.ro\/#\/schema\/person\/82b89326b4c4e5d23abc190a04db8878\",\"name\":\"Vio\",\"image\":{\"@type\":\"ImageObject\",\"@id\":\"https:\/\/scriebine.ro\/#personlogo\",\"inLanguage\":\"ro-RO\",\"url\":\"https:\/\/secure.gravatar.com\/avatar\/03dab8c4abec1deaa4a63bde75a32a87?s=96&d=wavatar&r=g\",\"caption\":\"Vio\"}}]}<\/script>\n<!-- \/ Yoast SEO plugin. -->","_links":{"self":[{"href":"https:\/\/scriebine.ro\/index.php?rest_route=\/wp\/v2\/posts\/1313"}],"collection":[{"href":"https:\/\/scriebine.ro\/index.php?rest_route=\/wp\/v2\/posts"}],"about":[{"href":"https:\/\/scriebine.ro\/index.php?rest_route=\/wp\/v2\/types\/post"}],"author":[{"embeddable":true,"href":"https:\/\/scriebine.ro\/index.php?rest_route=\/wp\/v2\/users\/110"}],"replies":[{"embeddable":true,"href":"https:\/\/scriebine.ro\/index.php?rest_route=%2Fwp%2Fv2%2Fcomments&post=1313"}],"version-history":[{"count":0,"href":"https:\/\/scriebine.ro\/index.php?rest_route=\/wp\/v2\/posts\/1313\/revisions"}],"wp:featuredmedia":[{"embeddable":true,"href":"https:\/\/scriebine.ro\/index.php?rest_route=\/wp\/v2\/media\/1312"}],"wp:attachment":[{"href":"https:\/\/scriebine.ro\/index.php?rest_route=%2Fwp%2Fv2%2Fmedia&parent=1313"}],"wp:term":[{"taxonomy":"category","embeddable":true,"href":"https:\/\/scriebine.ro\/index.php?rest_route=%2Fwp%2Fv2%2Fcategories&post=1313"},{"taxonomy":"post_tag","embeddable":true,"href":"https:\/\/scriebine.ro\/index.php?rest_route=%2Fwp%2Fv2%2Ftags&post=1313"}],"curies":[{"name":"wp","href":"https:\/\/api.w.org\/{rel}","templated":true}]}}